{"id":78782,"date":"2020-03-11T13:47:00","date_gmt":"2020-03-11T17:47:00","guid":{"rendered":"https:\/\/linitiative.ca\/International\/moul-cafeteria\/"},"modified":"2020-03-11T13:47:00","modified_gmt":"2020-03-11T17:47:00","slug":"moul-cafeteria","status":"publish","type":"post","link":"https:\/\/linitiative.ca\/International\/moul-cafeteria\/","title":{"rendered":"Moul cafeteria"},"content":{"rendered":"<p><br id=\"sep_para_1\" class=\"sep_para access\"\/><\/p>\n<div id=\"para_1\" class=\"para_35901074 resize\">\n<div class=\"photo shadow left\"><img decoding=\"async\" class=\"responsive c9\" src=\"https:\/\/www.reflexiondz.net\/photo\/art\/grande\/43549652-35901074.jpg?v=1583949917\" alt=\"Moul cafeteria\" title=\"Moul cafeteria\"\/><img decoding=\"async\" class=\"not-responsive\" src=\"https:\/\/www.reflexiondz.net\/photo\/art\/default\/43549652-35901074.jpg?v=1583949917\" alt=\"Moul cafeteria\" title=\"Moul cafeteria\"\/><\/div>\n<div class=\"texte access firstletter\">Moul firma, \u00e9tait invit\u00e9 hier chez son ami pour prendre ensemble un caf\u00e9 \u00e0 la caf\u00e9t\u00e9ria de la cit\u00e9 (HLM), \u00e0 c\u00f4t\u00e9 de l\u2019annexe de la commune de Mostaganem.\u00a0 Chagrin\u00e9 par l\u2019\u00e9tat d\u00e9labr\u00e9 de\u00a0 la route et l\u2019anarchie de la circulation , des voitures gar\u00e9es n\u2019importe o\u00f9, et\u00a0 des commerces informels longeant la voie publique et des immeubles d\u00e9grad\u00e9s, Moul firma, maudit, tous les maires et les \u00e9lus qui se sont succ\u00e9d\u00e9s \u00e0 la mairie, pour avoir d\u00e9laiss\u00e9 ce quartier . Moul Firma, peine \u00e0 garer sa Mazda, il fit le tour du quartier \u00e0 la recherche d\u2019un parking, ou une place vide, il plonge son regard dans une terrasse \u00e0 c\u00f4t\u00e9 de la caf\u00e9t\u00e9ria, avant de murmurer : Mais o\u00f9 est pass\u00e9 le terrain nu mitoyen \u00e0 la cafeteria ?\u00a0 Histoire secr\u00e8te de l\u2019ancien maire avec Moul cafeteria, dit Moul firma avant de stationner sa voiture.<br \/>Rejoignant son ami au fond de la salle de la caf\u00e9t\u00e9ria, Moul Firma, l\u2019interroge sur les dessous de ce lot de terrain d\u00e9tourn\u00e9 en catimini. L\u2019ami de Moul Firma, un vieux retrait\u00e9 r\u00e9sident le quartier, dira sans complexe : Eh bien, ce lot est utilis\u00e9 comme une terrasse pour la cafeteria avec la complicit\u00e9 de certains \u00e9lus et cadres de la DTP , ils ont goudronn\u00e9 le lot pour qu\u2019il passe comme terrasse et voie existante , cette histoire cache beaucoup de suspense et la suite du feuilleton se d\u00e9roule au lotissement de la cit\u00e9 Gouaich , explique ce dernier. Moul firma lui coupa la parole d\u2019un air sollicitant, lui demandant plus d\u2019infos sur ce lot. Son ami d\u2019un air r\u00e9serv\u00e9, dira avec ambig\u00fcit\u00e9 : Ce terrain qui est d\u2019une superficie de 400m2, lui a \u00e9t\u00e9 c\u00e9d\u00e9 par l\u2019une de ses proches quand il \u00e9tait Moul la mairie et apr\u00e8s avoir d\u00e9lib\u00e9r\u00e9, il a enlev\u00e9 et pi\u00e9tin\u00e9 le lotissement et le cahier de charges dudit lotissement pour changer la valeur du terrain mitoyen en terrasse et stationnement de voitures pour sa cafeteria de trois fa\u00e7ades \u00e0 quatre fa\u00e7ades, r\u00e9v\u00e8le l\u2019ami de Moul Firma avant d\u2019ajouter ; Et c\u2019est pas encore fini , il a pris aussi deux lots de terrain \u00e0 la cit\u00e9 Gouaich avec un pr\u00eate-nom.<br \/>\u00a0Moul firma, interrompt son interlocuteur pour lui dire : comment il a fait tout \u00e7a au vu et au su des autorit\u00e9s locales et des services de s\u00e9curit\u00e9 ? Alors, je vais vous confier un autre secret, r\u00e9pond son ami. Tous les maires qui lui ont succ\u00e9d\u00e9 ont mis leur main dans le miel, ils ont pris des villas aux castors, \u00e0 la cit\u00e9 Moucheti, route d\u2019Oran, et sans parler des milliards ramass\u00e9s via la formule 10% .Eh bien tu commences \u00e0 comprendre mon ami que la guerre contre la corruption doit commencer par les \u00e9lus et les d\u00e9put\u00e9s qui se sont servis sans servir leur ville.<\/div>\n<\/div>\n<p>Auteur: R\u00e9flexion<br \/>\n<a href=\"https:\/\/www.reflexiondz.net\/Moul-cafeteria_a61220.html\">Cliquez ici pour lire l&rsquo;article depuis sa source.<\/a><\/p>\n","protected":false},"excerpt":{"rendered":"<p>Moul firma, \u00e9tait invit\u00e9 hier chez son ami pour prendre ensemble un caf\u00e9 \u00e0 la caf\u00e9t\u00e9ria de la cit\u00e9 (HLM), \u00e0 c\u00f4t\u00e9 de l\u2019annexe de la commune de Mostaganem.\u00a0 Chagrin\u00e9 par l\u2019\u00e9tat d\u00e9labr\u00e9 de\u00a0 la route et l\u2019anarchie de la circulation , des voitures gar\u00e9es n\u2019importe o\u00f9, et\u00a0 des commerces informels longeant la voie publique [&hellip;]<\/p>\n","protected":false},"author":1740,"featured_media":0,"comment_status":"closed","ping_status":"closed","sticky":false,"template":"","format":"standard","meta":{"fifu_image_url":"","fifu_image_alt":"","footnotes":""},"categories":[53,76],"tags":[],"class_list":["post-78782","post","type-post","status-publish","format-standard","hentry","category-algerie","category-regions"],"_links":{"self":[{"href":"https:\/\/linitiative.ca\/International\/wp-json\/wp\/v2\/posts\/78782","targetHints":{"allow":["GET"]}}],"collection":[{"href":"https:\/\/linitiative.ca\/International\/wp-json\/wp\/v2\/posts"}],"about":[{"href":"https:\/\/linitiative.ca\/International\/wp-json\/wp\/v2\/types\/post"}],"author":[{"embeddable":true,"href":"https:\/\/linitiative.ca\/International\/wp-json\/wp\/v2\/users\/1740"}],"replies":[{"embeddable":true,"href":"https:\/\/linitiative.ca\/International\/wp-json\/wp\/v2\/comments?post=78782"}],"version-history":[{"count":0,"href":"https:\/\/linitiative.ca\/International\/wp-json\/wp\/v2\/posts\/78782\/revisions"}],"wp:attachment":[{"href":"https:\/\/linitiative.ca\/International\/wp-json\/wp\/v2\/media?parent=78782"}],"wp:term":[{"taxonomy":"category","embeddable":true,"href":"https:\/\/linitiative.ca\/International\/wp-json\/wp\/v2\/categories?post=78782"},{"taxonomy":"post_tag","embeddable":true,"href":"https:\/\/linitiative.ca\/International\/wp-json\/wp\/v2\/tags?post=78782"}],"curies":[{"name":"wp","href":"https:\/\/api.w.org\/{rel}","templated":true}]}}