{"id":78783,"date":"2020-03-11T10:26:00","date_gmt":"2020-03-11T14:26:00","guid":{"rendered":"https:\/\/linitiative.ca\/International\/topnet-signe-un-partenariat-strategique-avec-la-poste-tunisienne\/"},"modified":"2020-03-11T10:26:00","modified_gmt":"2020-03-11T14:26:00","slug":"topnet-signe-un-partenariat-strategique-avec-la-poste-tunisienne","status":"publish","type":"post","link":"https:\/\/linitiative.ca\/International\/topnet-signe-un-partenariat-strategique-avec-la-poste-tunisienne\/","title":{"rendered":"TOPNET signe un partenariat strat\u00e9gique avec La Poste Tunisienne"},"content":{"rendered":"<p><span class=\"c2\">TOPNET, le leader des Services Internet en Tunisie vient de signer un partenariatstrat\u00e9gique avec la Poste Tunisienne lors d\u2019une c\u00e9r\u00e9monie organis\u00e9e le Mardi 10 Mars 2020 au Si\u00e8ge de La Poste en pr\u00e9sence de la Directrice G\u00e9n\u00e9rale de TOPNET, Madame Rym Akremi Ben Dhief, et du Pr\u00e9sident Directeur G\u00e9n\u00e9ral de la Poste Tunisienne, Mr Jawher Ferjaoui.<\/span><\/p>\n<p>Cet accord entre dans le cadre de la strat\u00e9gied\u2019extension du r\u00e9seau commercial de TOPNET qui aura pour effet une meilleure disponibilit\u00e9 g\u00e9ographique des produits et services internet. Durant la c\u00e9r\u00e9monie de signature ; Mme Rym Akremi a d\u00e9clar\u00e9 que\u00ab Cet accord permettra \u00e0 TOPNET de d\u00e9mocratiser encore plus l\u2019acc\u00e8s \u00e0 Internet Haut D\u00e9bit \u00e0 travers les bureaux de poste surtout dans les zones rurales et contribuer ainsi au d\u00e9veloppement num\u00e9rique de notre pays \u00bb<\/p>\n<p>A travers cette nouvelle coop\u00e9ration strat\u00e9gique, les offres Smart ADSL et Smart Rapido seront pr\u00e9sents dans plus de 1028 bureaux de postes r\u00e9partis sur tout le territoire tunisien proposant aussi la possibilit\u00e9 aux clients TOPNET de payer leurs frais d\u2019abonnements via l\u2019application de la Poste le D17 et permettant ainsi de mieux r\u00e9pondre \u00e0 leurs besoins \u00e9volutifs et leur fournir une meilleure exp\u00e9rience client.<br \/>\u00a0<\/p>\n<p>Auteur:<br \/>\n<a href=\"https:\/\/www.leaders.com.tn\/article\/29332-topnet-signe-un-partenariat-strategique-avec-la-poste-tunisienne\">Cliquez ici pour lire l&rsquo;article depuis sa source.<\/a><\/p>\n","protected":false},"excerpt":{"rendered":"<p>TOPNET, le leader des Services Internet en Tunisie vient de signer un partenariatstrat\u00e9gique avec la Poste Tunisienne lors d\u2019une c\u00e9r\u00e9monie organis\u00e9e le Mardi 10 Mars 2020 au Si\u00e8ge de La Poste en pr\u00e9sence de la Directrice G\u00e9n\u00e9rale de TOPNET, Madame Rym Akremi Ben Dhief, et du Pr\u00e9sident Directeur G\u00e9n\u00e9ral de la Poste Tunisienne, Mr Jawher [&hellip;]<\/p>\n","protected":false},"author":1772,"featured_media":0,"comment_status":"closed","ping_status":"closed","sticky":false,"template":"","format":"standard","meta":{"fifu_image_url":"","fifu_image_alt":"","footnotes":""},"categories":[73,55],"tags":[],"class_list":["post-78783","post","type-post","status-publish","format-standard","hentry","category-actualite","category-tunisie"],"_links":{"self":[{"href":"https:\/\/linitiative.ca\/International\/wp-json\/wp\/v2\/posts\/78783","targetHints":{"allow":["GET"]}}],"collection":[{"href":"https:\/\/linitiative.ca\/International\/wp-json\/wp\/v2\/posts"}],"about":[{"href":"https:\/\/linitiative.ca\/International\/wp-json\/wp\/v2\/types\/post"}],"author":[{"embeddable":true,"href":"https:\/\/linitiative.ca\/International\/wp-json\/wp\/v2\/users\/1772"}],"replies":[{"embeddable":true,"href":"https:\/\/linitiative.ca\/International\/wp-json\/wp\/v2\/comments?post=78783"}],"version-history":[{"count":0,"href":"https:\/\/linitiative.ca\/International\/wp-json\/wp\/v2\/posts\/78783\/revisions"}],"wp:attachment":[{"href":"https:\/\/linitiative.ca\/International\/wp-json\/wp\/v2\/media?parent=78783"}],"wp:term":[{"taxonomy":"category","embeddable":true,"href":"https:\/\/linitiative.ca\/International\/wp-json\/wp\/v2\/categories?post=78783"},{"taxonomy":"post_tag","embeddable":true,"href":"https:\/\/linitiative.ca\/International\/wp-json\/wp\/v2\/tags?post=78783"}],"curies":[{"name":"wp","href":"https:\/\/api.w.org\/{rel}","templated":true}]}}