{"id":78787,"date":"2020-03-11T14:30:00","date_gmt":"2020-03-11T18:30:00","guid":{"rendered":"https:\/\/linitiative.ca\/International\/loms-lepidemie-du-coronavirus-doit-etre-consideree-desormais-comme-une-pandemie\/"},"modified":"2020-03-11T14:30:00","modified_gmt":"2020-03-11T18:30:00","slug":"loms-lepidemie-du-coronavirus-doit-etre-consideree-desormais-comme-une-pandemie","status":"publish","type":"post","link":"https:\/\/linitiative.ca\/International\/loms-lepidemie-du-coronavirus-doit-etre-consideree-desormais-comme-une-pandemie\/","title":{"rendered":"L&rsquo;OMS: l&rsquo;\u00e9pid\u00e9mie du coronavirus doit \u00eatre consid\u00e9r\u00e9e  d\u00e9sormais comme une pand\u00e9mie"},"content":{"rendered":"<p>L\u2019\u00e9pid\u00e9mie due au coronavirus est d\u00e9sormais consid\u00e9r\u00e9e comme une pand\u00e9mie. C\u2019est ce qu\u2019a annonc\u00e9 ce mercredi, l\u2019Organisation Mondiale de la Sant\u00e9.<\/p>\n<p>\u00abNous sommes tr\u00e8s inquiets des niveaux de diffusion et de dangerosit\u00e9, ainsi que des niveaux alarmants de l\u2019inaction\u00bb, a d\u00e9clar\u00e9 le directeur g\u00e9n\u00e9ral de l\u2019OMS qui s&rsquo;attend\u00a0 pour les jours et semaines \u00e0 venir semaines \u00e0 venir, \u00e0 une\u00a0 augmentation du nombre de d\u00e9c\u00e8s et du nombre de pays touch\u00e9s\u00bb . \u00abCe n\u2019est pas seulement une crise de sant\u00e9 publique, mais une crise qui va toucher l\u2019ensemble des secteurs \u2014 donc tous les secteurs et les individus doivent s\u2019impliquer dans le combat\u00bb a-t-il averti.<\/p>\n<p>Au niveau national, un 7e cas de coronavirus a \u00e9t\u00e9 d\u00e9cel\u00e9. Le ministre de la Sant\u00e9 a annonc\u00e9 ce soir le r\u00e9tablissement de la premi\u00e8re personne qui avait contract\u00e9 le virus en Tunisie<\/p>\n<p><strong>Lire aussi<\/strong><\/p>\n<p><a href=\"https:\/\/www.leaders.com.tn\/article\/29335-de-l-epidemie-a-la-pandemie-qu-est-ce-qui-va-changer\" target=\"_blank\" rel=\"noopener noreferrer\">De l\u2019\u00e9pid\u00e9mie \u00e0 la pand\u00e9mie: qu&rsquo;est-ce qui va changer ?<\/a><\/p>\n<p>Auteur:<br \/>\n<a href=\"https:\/\/www.leaders.com.tn\/article\/29334-l-oms-considere-que-l-epidemie-du-coronavirus-doit-etre-qualifiee-desormais-de-pandemie\">Cliquez ici pour lire l&rsquo;article depuis sa source.<\/a><\/p>\n","protected":false},"excerpt":{"rendered":"<p>L\u2019\u00e9pid\u00e9mie due au coronavirus est d\u00e9sormais consid\u00e9r\u00e9e comme une pand\u00e9mie. C\u2019est ce qu\u2019a annonc\u00e9 ce mercredi, l\u2019Organisation Mondiale de la Sant\u00e9. \u00abNous sommes tr\u00e8s inquiets des niveaux de diffusion et de dangerosit\u00e9, ainsi que des niveaux alarmants de l\u2019inaction\u00bb, a d\u00e9clar\u00e9 le directeur g\u00e9n\u00e9ral de l\u2019OMS qui s&rsquo;attend\u00a0 pour les jours et semaines \u00e0 venir [&hellip;]<\/p>\n","protected":false},"author":1772,"featured_media":0,"comment_status":"closed","ping_status":"closed","sticky":false,"template":"","format":"standard","meta":{"fifu_image_url":"","fifu_image_alt":"","footnotes":""},"categories":[73,55],"tags":[],"class_list":["post-78787","post","type-post","status-publish","format-standard","hentry","category-actualite","category-tunisie"],"_links":{"self":[{"href":"https:\/\/linitiative.ca\/International\/wp-json\/wp\/v2\/posts\/78787","targetHints":{"allow":["GET"]}}],"collection":[{"href":"https:\/\/linitiative.ca\/International\/wp-json\/wp\/v2\/posts"}],"about":[{"href":"https:\/\/linitiative.ca\/International\/wp-json\/wp\/v2\/types\/post"}],"author":[{"embeddable":true,"href":"https:\/\/linitiative.ca\/International\/wp-json\/wp\/v2\/users\/1772"}],"replies":[{"embeddable":true,"href":"https:\/\/linitiative.ca\/International\/wp-json\/wp\/v2\/comments?post=78787"}],"version-history":[{"count":0,"href":"https:\/\/linitiative.ca\/International\/wp-json\/wp\/v2\/posts\/78787\/revisions"}],"wp:attachment":[{"href":"https:\/\/linitiative.ca\/International\/wp-json\/wp\/v2\/media?parent=78787"}],"wp:term":[{"taxonomy":"category","embeddable":true,"href":"https:\/\/linitiative.ca\/International\/wp-json\/wp\/v2\/categories?post=78787"},{"taxonomy":"post_tag","embeddable":true,"href":"https:\/\/linitiative.ca\/International\/wp-json\/wp\/v2\/tags?post=78787"}],"curies":[{"name":"wp","href":"https:\/\/api.w.org\/{rel}","templated":true}]}}