{"id":78788,"date":"2020-03-11T15:14:00","date_gmt":"2020-03-11T19:14:00","guid":{"rendered":"https:\/\/linitiative.ca\/International\/de-lepidemie-a-la-pandemie-quest-ce-qui-va-changer\/"},"modified":"2020-03-11T15:14:00","modified_gmt":"2020-03-11T19:14:00","slug":"de-lepidemie-a-la-pandemie-quest-ce-qui-va-changer","status":"publish","type":"post","link":"https:\/\/linitiative.ca\/International\/de-lepidemie-a-la-pandemie-quest-ce-qui-va-changer\/","title":{"rendered":"De l\u2019\u00e9pid\u00e9mie \u00e0 la pand\u00e9mie: qu&rsquo;est-ce qui va changer ?"},"content":{"rendered":"<p>On d\u00e9clare une \u00e9pid\u00e9mie lorsqu\u2019une maladie est circonscrite \u00e0 certains foyers pr\u00e9cis. Au d\u00e9but, Covid-19 \u00e9tait concentr\u00e9e en Chine, et seuls quelques cas se d\u00e9claraient dans d\u2019autres pays, du fait de personnes en provenance de Chine ou ayant \u00e9t\u00e9 en contact avec des personnes venant de Chine. Pour passer \u00e0 la pand\u00e9mie, il faut que le virus commence \u00e0 se propager activement dans les pays secondaires. C\u2019est ce qu\u2019il se passe actuellement en Italie, qui est pass\u00e9e en quarantaine totale, ou encore en France, en Iran, en Cor\u00e9e du Sud.<\/p>\n<p>Selon un sp\u00e9cialiste fran\u00e7ais, pour qu\u2019il y ait une pand\u00e9mie, il faut que cela se diffuse partout et que l\u2019on ne ma\u00eetrise plus rien \u00bb. Par l\u2019absence de ma\u00eetrise, il ne faut pas comprendre que l\u2019on ne peut plus rien faire pour soigner les malades, les d\u00e9tecter et analyser le virus, mais plut\u00f4t qu\u2019on arrive plus \u00e0 circonscrire la maladie aux foyers initiaux, du fait d\u2019une propagation plus active. Ainsi, la pand\u00e9mie correspond \u00e0 l\u2019ordre de grandeur, pas \u00e0 la gravit\u00e9.<\/p>\n<p>La \u00ab pand\u00e9mie \u00bb ne vient pas d\u2019un crit\u00e8re de s\u00e9v\u00e9rit\u00e9, mais de diffusion. C\u2019est une \u00e9chelle de grandeur, en somme. Cela ne change donc rien au taux de mortalit\u00e9 qui reste aujourd\u2019hui encore relativement bas.<\/p>\n<p><strong>Lire aussi<\/strong><\/p>\n<p><a href=\"https:\/\/www.leaders.com.tn\/article\/29334-l-oms-considere-que-l-epidemie-du-coronavirus-doit-etre-qualifiee-desormais-de-pandemie\" target=\"_blank\" rel=\"noopener noreferrer\">L&rsquo;OMS: l&rsquo;\u00e9pid\u00e9mie du coronavirus doit \u00eatre consid\u00e9r\u00e9e d\u00e9sormais comme une pand\u00e9mie<\/a><br \/>\u00a0<\/p>\n<p>Auteur:<br \/>\n<a href=\"https:\/\/www.leaders.com.tn\/article\/29335-de-l-epidemie-a-la-pandemie-qu-est-ce-qui-va-changer\">Cliquez ici pour lire l&rsquo;article depuis sa source.<\/a><\/p>\n","protected":false},"excerpt":{"rendered":"<p>On d\u00e9clare une \u00e9pid\u00e9mie lorsqu\u2019une maladie est circonscrite \u00e0 certains foyers pr\u00e9cis. Au d\u00e9but, Covid-19 \u00e9tait concentr\u00e9e en Chine, et seuls quelques cas se d\u00e9claraient dans d\u2019autres pays, du fait de personnes en provenance de Chine ou ayant \u00e9t\u00e9 en contact avec des personnes venant de Chine. Pour passer \u00e0 la pand\u00e9mie, il faut que [&hellip;]<\/p>\n","protected":false},"author":1772,"featured_media":0,"comment_status":"closed","ping_status":"closed","sticky":false,"template":"","format":"standard","meta":{"fifu_image_url":"","fifu_image_alt":"","footnotes":""},"categories":[73,55],"tags":[],"class_list":["post-78788","post","type-post","status-publish","format-standard","hentry","category-actualite","category-tunisie"],"_links":{"self":[{"href":"https:\/\/linitiative.ca\/International\/wp-json\/wp\/v2\/posts\/78788","targetHints":{"allow":["GET"]}}],"collection":[{"href":"https:\/\/linitiative.ca\/International\/wp-json\/wp\/v2\/posts"}],"about":[{"href":"https:\/\/linitiative.ca\/International\/wp-json\/wp\/v2\/types\/post"}],"author":[{"embeddable":true,"href":"https:\/\/linitiative.ca\/International\/wp-json\/wp\/v2\/users\/1772"}],"replies":[{"embeddable":true,"href":"https:\/\/linitiative.ca\/International\/wp-json\/wp\/v2\/comments?post=78788"}],"version-history":[{"count":0,"href":"https:\/\/linitiative.ca\/International\/wp-json\/wp\/v2\/posts\/78788\/revisions"}],"wp:attachment":[{"href":"https:\/\/linitiative.ca\/International\/wp-json\/wp\/v2\/media?parent=78788"}],"wp:term":[{"taxonomy":"category","embeddable":true,"href":"https:\/\/linitiative.ca\/International\/wp-json\/wp\/v2\/categories?post=78788"},{"taxonomy":"post_tag","embeddable":true,"href":"https:\/\/linitiative.ca\/International\/wp-json\/wp\/v2\/tags?post=78788"}],"curies":[{"name":"wp","href":"https:\/\/api.w.org\/{rel}","templated":true}]}}