{"id":78795,"date":"2020-03-11T12:38:50","date_gmt":"2020-03-11T16:38:50","guid":{"rendered":"https:\/\/linitiative.ca\/International\/miriem-bensalah-chaqroun-decoree-de-linsigne-de-chevalier-de-la-legion-dhonneur-de-la-republique-de-france\/"},"modified":"2020-03-11T12:38:50","modified_gmt":"2020-03-11T16:38:50","slug":"miriem-bensalah-chaqroun-decoree-de-linsigne-de-chevalier-de-la-legion-dhonneur-de-la-republique-de-france","status":"publish","type":"post","link":"https:\/\/linitiative.ca\/International\/miriem-bensalah-chaqroun-decoree-de-linsigne-de-chevalier-de-la-legion-dhonneur-de-la-republique-de-france\/","title":{"rendered":"Miriem Bensalah Chaqroun d\u00e9cor\u00e9e de l\u2019insigne de Chevalier de la L\u00e9gion d\u2019Honneur de la R\u00e9publique de France"},"content":{"rendered":"<p><strong>La femme d\u2019affaires Miriem Bensalah Chaqroun a \u00e9t\u00e9 d\u00e9cor\u00e9e, mardi \u00e0 Rabat, de l\u2019insigne de Chevalier de la L\u00e9gion d\u2019Honneur de la R\u00e9publique de France.<\/strong><\/p>\n<div class=\"c10\"\/>\n<p>Cette d\u00e9coration a \u00e9t\u00e9 remise \u00e0 <strong>Miriem Bensalah Chaqroun<\/strong>, au nom du pr\u00e9sident de la R\u00e9publique fran\u00e7aise, par l\u2019ambassadrice de la R\u00e9publique fran\u00e7aise au Royaume du Maroc, H\u00e9l\u00e8ne Le Gal, lors d\u2019une c\u00e9r\u00e9monie \u00e0 laquelle ont pris part plusieurs personnalit\u00e9s marocaines et fran\u00e7aises du monde diplomatique, politique et des affaires.<\/p>\n<p>Intervenant \u00e0 cette occasion, l\u2019ambassadrice s\u2019est dit ravie de d\u00e9corer de la L\u00e9gion d\u2019Honneur \u00ab\u00a0une grande dame marocaine et une business woman\u00a0\u00bb, au moment o\u00f9 le monde c\u00e9l\u00e8bre la journ\u00e9e internationale des droits de la femme.<\/p>\n<p>Elle a mis en avant le parcours exceptionnel de Bensalah Chaqroun, administratrice du groupe <strong>Holmarcom<\/strong> et vice-pr\u00e9sidente directrice g\u00e9n\u00e9rale des Eaux Min\u00e9rales d\u2019Oulm\u00e8s, notant que son talent et son exp\u00e9rience d\u00e9passent les fronti\u00e8res.<\/p>\n<p>A cet \u00e9gard, Le Gal a rappel\u00e9 qu\u2019en 2019, le secr\u00e9taire g\u00e9n\u00e9ral des Nations-Unies l\u2019a choisie pour rejoindre l\u2019Alliance mondiale des investisseurs pour le d\u00e9veloppement durable, qui regroupe pr\u00e8s de 30 grands patrons, afin d\u2019\u0153uvrer pour l\u2019acc\u00e9l\u00e9ration de l\u2019investissement du secteur priv\u00e9 dans le domaine du d\u00e9veloppement durable.<\/p>\n<p>L\u2019ambassadrice n\u2019a pas manqu\u00e9 de souligner que l\u2019engagement ayant laiss\u00e9 une marque ind\u00e9l\u00e9bile dans le parcours de Mme Bensalah Chaqroun n\u2019est autre que son poste \u00e0 la t\u00eate de la Conf\u00e9d\u00e9ration g\u00e9n\u00e9rale des entreprises du Maroc, affirmant qu\u2019elle est la premi\u00e8re femme et la seule, jusqu\u2019\u00e0 pr\u00e9sent, \u00e0 avoir assum\u00e9 cette responsabilit\u00e9.<\/p>\n<p>\u00ab\u00a0Reconnue comme une travailleuse acharn\u00e9e, Mme Bensalah Chaqroun a contribu\u00e9 \u00e0 accro\u00eetre le rayonnement de la CGEM, notamment en mati\u00e8re de diplomatie \u00e9conomique\u00a0\u00bb, a relev\u00e9 l\u2019ambassadrice de la R\u00e9publique fran\u00e7aise au Maroc.<\/p>\n<p>La diplomate a affirm\u00e9 que sous ses deux mandats, la responsable marocaine s\u2019est rendue, dans le cadre de missions Royales, \u00e0 pr\u00e8s de 44 pays du continent africain et a nou\u00e9 d\u2019\u00e9troites relations avec les organisations patronales africaines, mettant en exergue son r\u00f4le \u00e9minent dans le renforcement de l\u2019implantation du Maroc dans le continent africain, une orientation strat\u00e9gique qui se renforce davantage d\u2019ann\u00e9e en ann\u00e9e.<\/p>\n<p>Le Gal a \u00e9galement affirm\u00e9 que Bensalah Chaqroun a \u0153uvr\u00e9 \u00e0 am\u00e9liorer de mani\u00e8re consid\u00e9rable le <strong>climat des affaires<\/strong> au Maroc, r\u00e9v\u00e9lant qu\u2019il s\u2019agit d\u2019un aspect primordial pour l\u2019attractivit\u00e9 du Royaume. De son c\u00f4t\u00e9, Bensalah Chaqroun s\u2019est dit honor\u00e9e de cette d\u00e9coration au surlendemain de la journ\u00e9e internationale des droits de la femme. \u00ab\u00a0Je mesure la port\u00e9e hautement symbolique de cette distinction\u00a0\u00bb, a-t-elle soulign\u00e9, mettant en lumi\u00e8re les relations privil\u00e9gi\u00e9es entre le Maroc et la France.<\/p>\n<p>(MAP)<\/p>\n<div class=\"c17\">\n<fieldset class=\"c16\">\n<legend><strong><span class=\"c11\">Challenge<\/span><span class=\"c12\">news<\/span><\/strong><\/legend>\n<div class=\"c15\">Le meilleur de Challenge s\u00e9lectionn\u00e9 par la r\u00e9daction :<\/p>\n<\/div>\n<\/fieldset>\n<\/div>\n<p>Auteur: challenge<br \/>\n<a href=\"https:\/\/www.challenge.ma\/miriem-bensalah-chaqroun-decoree-de-linsigne-de-chevalier-de-la-legion-dhonneur-de-la-republique-de-france-131954\/\">Cliquez ici pour lire l&rsquo;article depuis sa source.<\/a><\/p>\n","protected":false},"excerpt":{"rendered":"<p>La femme d\u2019affaires Miriem Bensalah Chaqroun a \u00e9t\u00e9 d\u00e9cor\u00e9e, mardi \u00e0 Rabat, de l\u2019insigne de Chevalier de la L\u00e9gion d\u2019Honneur de la R\u00e9publique de France. Cette d\u00e9coration a \u00e9t\u00e9 remise \u00e0 Miriem Bensalah Chaqroun, au nom du pr\u00e9sident de la R\u00e9publique fran\u00e7aise, par l\u2019ambassadrice de la R\u00e9publique fran\u00e7aise au Royaume du Maroc, H\u00e9l\u00e8ne Le Gal, [&hellip;]<\/p>\n","protected":false},"author":1787,"featured_media":0,"comment_status":"closed","ping_status":"closed","sticky":false,"template":"","format":"standard","meta":{"fifu_image_url":"","fifu_image_alt":"","footnotes":""},"categories":[78,54],"tags":[],"class_list":["post-78795","post","type-post","status-publish","format-standard","hentry","category-economie","category-maroc"],"_links":{"self":[{"href":"https:\/\/linitiative.ca\/International\/wp-json\/wp\/v2\/posts\/78795","targetHints":{"allow":["GET"]}}],"collection":[{"href":"https:\/\/linitiative.ca\/International\/wp-json\/wp\/v2\/posts"}],"about":[{"href":"https:\/\/linitiative.ca\/International\/wp-json\/wp\/v2\/types\/post"}],"author":[{"embeddable":true,"href":"https:\/\/linitiative.ca\/International\/wp-json\/wp\/v2\/users\/1787"}],"replies":[{"embeddable":true,"href":"https:\/\/linitiative.ca\/International\/wp-json\/wp\/v2\/comments?post=78795"}],"version-history":[{"count":0,"href":"https:\/\/linitiative.ca\/International\/wp-json\/wp\/v2\/posts\/78795\/revisions"}],"wp:attachment":[{"href":"https:\/\/linitiative.ca\/International\/wp-json\/wp\/v2\/media?parent=78795"}],"wp:term":[{"taxonomy":"category","embeddable":true,"href":"https:\/\/linitiative.ca\/International\/wp-json\/wp\/v2\/categories?post=78795"},{"taxonomy":"post_tag","embeddable":true,"href":"https:\/\/linitiative.ca\/International\/wp-json\/wp\/v2\/tags?post=78795"}],"curies":[{"name":"wp","href":"https:\/\/api.w.org\/{rel}","templated":true}]}}