{"id":78796,"date":"2020-03-11T13:45:41","date_gmt":"2020-03-11T17:45:41","guid":{"rendered":"https:\/\/linitiative.ca\/International\/coronavirus-un-6e-cas-confirme-au-maroc\/"},"modified":"2020-03-11T13:45:41","modified_gmt":"2020-03-11T17:45:41","slug":"coronavirus-un-6e-cas-confirme-au-maroc","status":"publish","type":"post","link":"https:\/\/linitiative.ca\/International\/coronavirus-un-6e-cas-confirme-au-maroc\/","title":{"rendered":"Coronavirus : Un 6\u00e8 cas confirm\u00e9 au Maroc"},"content":{"rendered":"<p><strong>Le Maroc vient d\u2019enregistrer son sixi\u00e8me cas de coronavirus.<\/strong><\/p>\n<div class=\"c10\"\/>\n<p>\u00a0Il s\u2019agit d\u2019une fran\u00e7aise de 64 ans, d\u2019origine s\u00e9n\u00e9galaise, arriv\u00e9e au Maroc le jeudi 5 mars et a qui s\u00e9journ\u00e9 \u00e0 F\u00e8s. Elle s\u2019est rendue d\u2019elle-m\u00eame \u00e0 l\u2019h\u00f4pital le samedi 7 mars apr\u00e8s avoir d\u00e9velopp\u00e9 les sympt\u00f4mes. Notons qu\u2019il s\u2019agit l\u00e0 du 6\u00e8 cas de coronavirus confirm\u00e9 par les autorit\u00e9s marocaines. Rappelons que le minist\u00e8re de la Sant\u00e9 a mis en place un dispositif sp\u00e9cial de <strong>veille et de surveillance \u00e9pid\u00e9miologiqu<\/strong>e depuis le d\u00e9clenchement de cette \u00e9pid\u00e9mie. Le royaume est en alerte maximale.<\/p>\n<p>Lire aussi: <a href=\"https:\/\/www.challenge.ma\/coronavirus-le-nombre-de-cas-confirmes-seleve-a-5-au-maroc-131910\/\">Coronavirus : Le nombre de cas confirm\u00e9s s\u2019\u00e9l\u00e8ve \u00e0 5 au Maroc<\/a><\/p>\n<p>Par ailleurs, le minist\u00e8re de l\u2019Economie et des Finances a annonc\u00e9, ce mercredi 11 mars, la mise en place d\u2019un <strong>Comit\u00e9 de Veille Economique<\/strong> (CVE), dans le cadre des efforts du gouvernement pour anticiper les r\u00e9percussions \u00e9conomiques directes et indirectes de la crise sanitaire du Covid-19 sur l\u2019\u00e9conomie nationale.\u00a0Notons que ce comit\u00e9 est charg\u00e9 d\u2019une part, de suivre de pr\u00e8s l\u2019\u00e9volution de la situation \u00e9conomique \u00e0 travers des m\u00e9canismes rigoureux de suivi et d\u2019\u00e9valuation et d\u2019autre part, d\u2019identifier les mesures appropri\u00e9es en termes d\u2019accompagnement des secteurs impact\u00e9s.<\/p>\n<div class=\"c17\">\n<fieldset class=\"c16\">\n<legend><strong><span class=\"c11\">Challenge<\/span><span class=\"c12\">news<\/span><\/strong><\/legend>\n<div class=\"c15\">Le meilleur de Challenge s\u00e9lectionn\u00e9 par la r\u00e9daction :<\/p>\n<\/div>\n<\/fieldset>\n<\/div>\n<p>Auteur: challenge<br \/>\n<a href=\"https:\/\/www.challenge.ma\/coronavirus-un-6e-cas-confirme-au-maroc-131959\/\">Cliquez ici pour lire l&rsquo;article depuis sa source.<\/a><\/p>\n","protected":false},"excerpt":{"rendered":"<p>Le Maroc vient d\u2019enregistrer son sixi\u00e8me cas de coronavirus. \u00a0Il s\u2019agit d\u2019une fran\u00e7aise de 64 ans, d\u2019origine s\u00e9n\u00e9galaise, arriv\u00e9e au Maroc le jeudi 5 mars et a qui s\u00e9journ\u00e9 \u00e0 F\u00e8s. Elle s\u2019est rendue d\u2019elle-m\u00eame \u00e0 l\u2019h\u00f4pital le samedi 7 mars apr\u00e8s avoir d\u00e9velopp\u00e9 les sympt\u00f4mes. Notons qu\u2019il s\u2019agit l\u00e0 du 6\u00e8 cas de coronavirus [&hellip;]<\/p>\n","protected":false},"author":1787,"featured_media":0,"comment_status":"closed","ping_status":"closed","sticky":false,"template":"","format":"standard","meta":{"fifu_image_url":"","fifu_image_alt":"","footnotes":""},"categories":[78,54],"tags":[],"class_list":["post-78796","post","type-post","status-publish","format-standard","hentry","category-economie","category-maroc"],"_links":{"self":[{"href":"https:\/\/linitiative.ca\/International\/wp-json\/wp\/v2\/posts\/78796","targetHints":{"allow":["GET"]}}],"collection":[{"href":"https:\/\/linitiative.ca\/International\/wp-json\/wp\/v2\/posts"}],"about":[{"href":"https:\/\/linitiative.ca\/International\/wp-json\/wp\/v2\/types\/post"}],"author":[{"embeddable":true,"href":"https:\/\/linitiative.ca\/International\/wp-json\/wp\/v2\/users\/1787"}],"replies":[{"embeddable":true,"href":"https:\/\/linitiative.ca\/International\/wp-json\/wp\/v2\/comments?post=78796"}],"version-history":[{"count":0,"href":"https:\/\/linitiative.ca\/International\/wp-json\/wp\/v2\/posts\/78796\/revisions"}],"wp:attachment":[{"href":"https:\/\/linitiative.ca\/International\/wp-json\/wp\/v2\/media?parent=78796"}],"wp:term":[{"taxonomy":"category","embeddable":true,"href":"https:\/\/linitiative.ca\/International\/wp-json\/wp\/v2\/categories?post=78796"},{"taxonomy":"post_tag","embeddable":true,"href":"https:\/\/linitiative.ca\/International\/wp-json\/wp\/v2\/tags?post=78796"}],"curies":[{"name":"wp","href":"https:\/\/api.w.org\/{rel}","templated":true}]}}