{"id":78797,"date":"2020-03-11T16:35:51","date_gmt":"2020-03-11T20:35:51","guid":{"rendered":"https:\/\/linitiative.ca\/International\/cour-constitutionnelle-quatre-membres-nommes\/"},"modified":"2020-03-11T16:35:51","modified_gmt":"2020-03-11T20:35:51","slug":"cour-constitutionnelle-quatre-membres-nommes","status":"publish","type":"post","link":"https:\/\/linitiative.ca\/International\/cour-constitutionnelle-quatre-membres-nommes\/","title":{"rendered":"Cour constitutionnelle : quatre membres nomm\u00e9s"},"content":{"rendered":"<p><strong>SM le Roi Mohammed VI a re\u00e7u ce mercredi 11 mars 2020 au Palais Royal de Casablanca les quatre nouveaux membres nomm\u00e9s \u00e0 la Cour Constitutionnelle<\/strong>.<\/p>\n<p>Il s\u2019agit de Latifa El Khal et El Houssain Abouchi, membres nomm\u00e9s par SM le Roi, Mohamed Alami, membre \u00e9lu par la Chambre des Repr\u00e9sentants et Khalid Berjaoui, membre \u00e9lu par la Chambre des Conseillers.<\/p>\n<p>Lors de cette audience, les quatre nouveaux <strong>membres<\/strong> ont pr\u00eat\u00e9 serment devant SM le Roi, et ce conform\u00e9ment aux dispositions de la loi organique de la <strong>Cour Constitutionnelle<\/strong>.<\/p>\n<div class=\"c10\"\/>\n<p>Ils entameront l\u2019exercice de leurs fonctions \u00e0 partir du 4 avril 2020, date de la fin du mandat du tiers des membres de la Cour.<\/p>\n<div class=\"c17\">\n<fieldset class=\"c16\">\n<legend><strong><span class=\"c11\">Challenge<\/span><span class=\"c12\">news<\/span><\/strong><\/legend>\n<div class=\"c15\">Le meilleur de Challenge s\u00e9lectionn\u00e9 par la r\u00e9daction :<\/p>\n<\/div>\n<\/fieldset>\n<\/div>\n<p>Auteur: challenge<br \/>\n<a href=\"https:\/\/www.challenge.ma\/conseil-constitutionnel-quatre-membres-nommes-131967\/\">Cliquez ici pour lire l&rsquo;article depuis sa source.<\/a><\/p>\n","protected":false},"excerpt":{"rendered":"<p>SM le Roi Mohammed VI a re\u00e7u ce mercredi 11 mars 2020 au Palais Royal de Casablanca les quatre nouveaux membres nomm\u00e9s \u00e0 la Cour Constitutionnelle. Il s\u2019agit de Latifa El Khal et El Houssain Abouchi, membres nomm\u00e9s par SM le Roi, Mohamed Alami, membre \u00e9lu par la Chambre des Repr\u00e9sentants et Khalid Berjaoui, membre [&hellip;]<\/p>\n","protected":false},"author":1787,"featured_media":0,"comment_status":"closed","ping_status":"closed","sticky":false,"template":"","format":"standard","meta":{"fifu_image_url":"","fifu_image_alt":"","footnotes":""},"categories":[78,54],"tags":[],"class_list":["post-78797","post","type-post","status-publish","format-standard","hentry","category-economie","category-maroc"],"_links":{"self":[{"href":"https:\/\/linitiative.ca\/International\/wp-json\/wp\/v2\/posts\/78797","targetHints":{"allow":["GET"]}}],"collection":[{"href":"https:\/\/linitiative.ca\/International\/wp-json\/wp\/v2\/posts"}],"about":[{"href":"https:\/\/linitiative.ca\/International\/wp-json\/wp\/v2\/types\/post"}],"author":[{"embeddable":true,"href":"https:\/\/linitiative.ca\/International\/wp-json\/wp\/v2\/users\/1787"}],"replies":[{"embeddable":true,"href":"https:\/\/linitiative.ca\/International\/wp-json\/wp\/v2\/comments?post=78797"}],"version-history":[{"count":0,"href":"https:\/\/linitiative.ca\/International\/wp-json\/wp\/v2\/posts\/78797\/revisions"}],"wp:attachment":[{"href":"https:\/\/linitiative.ca\/International\/wp-json\/wp\/v2\/media?parent=78797"}],"wp:term":[{"taxonomy":"category","embeddable":true,"href":"https:\/\/linitiative.ca\/International\/wp-json\/wp\/v2\/categories?post=78797"},{"taxonomy":"post_tag","embeddable":true,"href":"https:\/\/linitiative.ca\/International\/wp-json\/wp\/v2\/tags?post=78797"}],"curies":[{"name":"wp","href":"https:\/\/api.w.org\/{rel}","templated":true}]}}