{"id":78798,"date":"2020-03-11T14:43:44","date_gmt":"2020-03-11T18:43:44","guid":{"rendered":"https:\/\/linitiative.ca\/International\/tunisie-hammam-sousse-arrestation-dun-individu-recherche-dans-une-affaire-de-terrorisme\/"},"modified":"2020-03-11T14:43:44","modified_gmt":"2020-03-11T18:43:44","slug":"tunisie-hammam-sousse-arrestation-dun-individu-recherche-dans-une-affaire-de-terrorisme","status":"publish","type":"post","link":"https:\/\/linitiative.ca\/International\/tunisie-hammam-sousse-arrestation-dun-individu-recherche-dans-une-affaire-de-terrorisme\/","title":{"rendered":"Tunisie \u2013 Hammam Sousse : Arrestation d\u2019un individu recherch\u00e9 dans une affaire de terrorisme"},"content":{"rendered":"<div class=\"post-cont-in left relative\">\n<p>Les agents du district de s\u00fbret\u00e9 de Sousse ont r\u00e9ussi \u00e0 arr\u00eater un individu \u00e2g\u00e9 de 23 ans, originaire du gouvernorat de Kairouan, recherch\u00e9 au profit du tribunal de premi\u00e8re instance de Tunis, o\u00f9 il a \u00e9t\u00e9 condamn\u00e9 \u00e0 un an de prison pour appartenance \u00e0 une organisation terroriste.<\/p>\n<div class=\"code-block code-block-1 c3\"><ins class=\"adsbygoogle c2\" data-ad-layout=\"in-article\" data-ad-format=\"fluid\" data-ad-client=\"ca-pub-2102118777505746\" data-ad-slot=\"7301775417\"\/> <\/div>\n<div class=\"swp_social_panel swp_horizontal_panel swp_flat_fresh swp_default_full_color swp_individual_full_color swp_other_full_color scale-100 scale-\" data-min-width=\"1100\" data-float-color=\"#ffffff\" data-float=\"bottom\" data-float-mobile=\"bottom\" data-transition=\"slide\">\n<div class=\"nc_tweetContainer swp_share_button total_shares total_sharesalt\"><span class=\"swp_count\">5 <span class=\"swp_label\">Partages<\/span><\/span><\/div>\n<\/div>\n<p><strong>Que se passe-t-il en Tunisie?<\/strong><br \/>Nous expliquons sur notre <a href=\"https:\/\/www.youtube.com\/channel\/UCRzypVq0B_yBad5eGrwBx0Q?sub_confirmation=1\" target=\"_blank\" rel=\"noopener noreferrer\">cha\u00eene YouTube<\/a> . <a href=\"https:\/\/www.youtube.com\/channel\/UCRzypVq0B_yBad5eGrwBx0Q?sub_confirmation=1\" target=\"_blank\" rel=\"noopener noreferrer\">Abonnez-vous!<\/a><\/p>\n<div class=\"mvp-org-wrap mvp-org-logo\" itemprop=\"publisher\" itemscope=\"\" itemtype=\"https:\/\/schema.org\/Organization\"><img decoding=\"async\" src=\"https:\/\/www.tunisienumerique.com\/wp-content\/uploads\/2017\/02\/logo_tunisie_numerique.png\"\/><\/div>\n<div class=\"mvp-related-posts left relative\">\n<h4 class=\"post-header\"><span class=\"post-header\">Lire aussi<\/span><\/h4>\n<\/div>\n<div id=\"article-ad\"><ins class=\"adsbygoogle c4\" data-ad-client=\"ca-pub-2102118777505746\" data-ad-slot=\"6513972734\" data-ad-format=\"auto\" data-full-width-responsive=\"true\"\/> <\/div>\n<\/div>\n<div id=\"post-sidebar-wrap\"><ins class=\"adsbygoogle c4\" data-ad-client=\"ca-pub-2102118777505746\" data-ad-slot=\"6168283410\" data-ad-format=\"auto\" data-full-width-responsive=\"true\"\/> <\/div>\n<p>Auteur: LM<br \/>\n<a href=\"https:\/\/www.tunisienumerique.com\/tunisie-hammam-sousse-arrestation-dun-individu-recherche-dans-une-affaire-de-terrorisme\/\">Cliquez ici pour lire l&rsquo;article depuis sa source.<\/a><\/p>\n","protected":false},"excerpt":{"rendered":"<p>Les agents du district de s\u00fbret\u00e9 de Sousse ont r\u00e9ussi \u00e0 arr\u00eater un individu \u00e2g\u00e9 de 23 ans, originaire du gouvernorat de Kairouan, recherch\u00e9 au profit du tribunal de premi\u00e8re instance de Tunis, o\u00f9 il a \u00e9t\u00e9 condamn\u00e9 \u00e0 un an de prison pour appartenance \u00e0 une organisation terroriste. 5 Partages Que se passe-t-il en [&hellip;]<\/p>\n","protected":false},"author":1789,"featured_media":78799,"comment_status":"closed","ping_status":"closed","sticky":false,"template":"","format":"standard","meta":{"fifu_image_url":"","fifu_image_alt":"","footnotes":""},"categories":[73,55],"tags":[],"class_list":["post-78798","post","type-post","status-publish","format-standard","has-post-thumbnail","hentry","category-actualite","category-tunisie"],"_links":{"self":[{"href":"https:\/\/linitiative.ca\/International\/wp-json\/wp\/v2\/posts\/78798","targetHints":{"allow":["GET"]}}],"collection":[{"href":"https:\/\/linitiative.ca\/International\/wp-json\/wp\/v2\/posts"}],"about":[{"href":"https:\/\/linitiative.ca\/International\/wp-json\/wp\/v2\/types\/post"}],"author":[{"embeddable":true,"href":"https:\/\/linitiative.ca\/International\/wp-json\/wp\/v2\/users\/1789"}],"replies":[{"embeddable":true,"href":"https:\/\/linitiative.ca\/International\/wp-json\/wp\/v2\/comments?post=78798"}],"version-history":[{"count":0,"href":"https:\/\/linitiative.ca\/International\/wp-json\/wp\/v2\/posts\/78798\/revisions"}],"wp:featuredmedia":[{"embeddable":true,"href":"https:\/\/linitiative.ca\/International\/wp-json\/"}],"wp:attachment":[{"href":"https:\/\/linitiative.ca\/International\/wp-json\/wp\/v2\/media?parent=78798"}],"wp:term":[{"taxonomy":"category","embeddable":true,"href":"https:\/\/linitiative.ca\/International\/wp-json\/wp\/v2\/categories?post=78798"},{"taxonomy":"post_tag","embeddable":true,"href":"https:\/\/linitiative.ca\/International\/wp-json\/wp\/v2\/tags?post=78798"}],"curies":[{"name":"wp","href":"https:\/\/api.w.org\/{rel}","templated":true}]}}