{"id":78806,"date":"2020-03-11T17:12:00","date_gmt":"2020-03-11T21:12:00","guid":{"rendered":"https:\/\/linitiative.ca\/International\/tunisie-comment-va-sy-prendre-le-ministere-de-la-sante-pour-verifier-les-contacts-du-dernier-cas-de-coronavirus\/"},"modified":"2020-03-11T17:12:00","modified_gmt":"2020-03-11T21:12:00","slug":"tunisie-comment-va-sy-prendre-le-ministere-de-la-sante-pour-verifier-les-contacts-du-dernier-cas-de-coronavirus","status":"publish","type":"post","link":"https:\/\/linitiative.ca\/International\/tunisie-comment-va-sy-prendre-le-ministere-de-la-sante-pour-verifier-les-contacts-du-dernier-cas-de-coronavirus\/","title":{"rendered":"Tunisie \u2013 Comment va s\u2019y prendre le minist\u00e8re de la sant\u00e9 pour v\u00e9rifier les contacts du dernier cas de coronavirus ?"},"content":{"rendered":"<div class=\"post-cont-in left relative\">\n<p>La directrice g\u00e9n\u00e9rale de l\u2019observatoire national des maladies nouvelles et \u00e9mergentes, Nissaf Ben Alaya, a d\u00e9clar\u00e9, ce soir, \u00e0 la suite de l\u2019annonce de la d\u00e9couverte du septi\u00e8me cas av\u00e9r\u00e9 de <a href=\"https:\/\/www.tunisienumerique.com\/tunisie-actualite\/coronavirus\/\" title=\"coronavirus\" target=\"_top\" class=\"auto-link\" rel=\"noopener noreferrer\">coronavirus<\/a>, en Tunisie, que le minist\u00e8re est en train de d\u00e9terminer la liste des contacts du malade, et qu\u2019il va proc\u00e9der aux testes sanguins pour tous ces contacts.<\/p>\n<div class=\"code-block code-block-1 c3\"><ins class=\"adsbygoogle c2\" data-ad-layout=\"in-article\" data-ad-format=\"fluid\" data-ad-client=\"ca-pub-2102118777505746\" data-ad-slot=\"7301775417\"\/> <\/div>\n<p>Mais ce que Nissaf Ben Alaya a, peut-\u00eatre omis de dire, ou qu\u2019elle ignore le d\u00e9tail, c\u2019est que ce malade \u00e9tait all\u00e9 en Egypte pour regarder le match qui opposait l\u2019esp\u00e9rance sportive de Tunis, au club du Zamalek. Et de ce fait, il \u00e9tait en totale immersion avec les supporters de son \u00e9quipe qui se sont d\u00e9plac\u00e9s au Caire. Et il est, par la suite, rentr\u00e9 avec un bon nombre d\u2019entre eux \u00e0 bord du vol du 1<sup>er<\/sup> mars. Est-ce que Dr Ben Alaya sait tout \u00e7\u00e0\u00a0? Et est-ce qu\u2019elle va tester tout ce beau monde, ou, au moins, les centaines de personnes qui sont rentr\u00e9s, en Tunisie, avec lui, \u00e0 bord du m\u00eame avion\u00a0?<\/p>\n<p>Et, enfin, pour arranger tout \u00e7\u00e0, on n\u2019en est pas s\u00fbr, mais il est tr\u00e8s probable que ce monsieur est all\u00e9 regarder le match retour au stade de Rades. Ce qui augmente le nombre de ses probables contacts, de quelques dizaines de milliers de personnes.<\/p>\n<div class=\"swp_social_panel swp_horizontal_panel swp_flat_fresh swp_default_full_color swp_individual_full_color swp_other_full_color scale-100 scale-\" data-min-width=\"1100\" data-float-color=\"#ffffff\" data-float=\"bottom\" data-float-mobile=\"bottom\" data-transition=\"slide\">\n<div class=\"nc_tweetContainer swp_share_button total_shares total_sharesalt\"><span class=\"swp_count\">1 <span class=\"swp_label\">Partages<\/span><\/span><\/div>\n<\/div>\n<p><strong>Que se passe-t-il en Tunisie?<\/strong><br \/>Nous expliquons sur notre <a href=\"https:\/\/www.youtube.com\/channel\/UCRzypVq0B_yBad5eGrwBx0Q?sub_confirmation=1\" target=\"_blank\" rel=\"noopener noreferrer\">cha\u00eene YouTube<\/a> . <a href=\"https:\/\/www.youtube.com\/channel\/UCRzypVq0B_yBad5eGrwBx0Q?sub_confirmation=1\" target=\"_blank\" rel=\"noopener noreferrer\">Abonnez-vous!<\/a><\/p>\n<div class=\"mvp-org-wrap mvp-org-logo\" itemprop=\"publisher\" itemscope=\"\" itemtype=\"https:\/\/schema.org\/Organization\"><img decoding=\"async\" src=\"https:\/\/www.tunisienumerique.com\/wp-content\/uploads\/2017\/02\/logo_tunisie_numerique.png\"\/><\/div>\n<div class=\"mvp-related-posts left relative\">\n<h4 class=\"post-header\"><span class=\"post-header\">Lire aussi<\/span><\/h4>\n<\/div>\n<div id=\"article-ad\"><ins class=\"adsbygoogle c4\" data-ad-client=\"ca-pub-2102118777505746\" data-ad-slot=\"6513972734\" data-ad-format=\"auto\" data-full-width-responsive=\"true\"\/> <\/div>\n<\/div>\n<div id=\"post-sidebar-wrap\"><ins class=\"adsbygoogle c4\" data-ad-client=\"ca-pub-2102118777505746\" data-ad-slot=\"6168283410\" data-ad-format=\"auto\" data-full-width-responsive=\"true\"\/> <\/div>\n<p>Auteur: LM<br \/>\n<a href=\"https:\/\/www.tunisienumerique.com\/tunisie-comment-va-sy-prendre-le-ministere-de-la-sante-pour-verifier-les-contacts-du-dernier-cas-de-coronavirus\/\">Cliquez ici pour lire l&rsquo;article depuis sa source.<\/a><\/p>\n","protected":false},"excerpt":{"rendered":"<p>La directrice g\u00e9n\u00e9rale de l\u2019observatoire national des maladies nouvelles et \u00e9mergentes, Nissaf Ben Alaya, a d\u00e9clar\u00e9, ce soir, \u00e0 la suite de l\u2019annonce de la d\u00e9couverte du septi\u00e8me cas av\u00e9r\u00e9 de coronavirus, en Tunisie, que le minist\u00e8re est en train de d\u00e9terminer la liste des contacts du malade, et qu\u2019il va proc\u00e9der aux testes sanguins [&hellip;]<\/p>\n","protected":false},"author":1789,"featured_media":78807,"comment_status":"closed","ping_status":"closed","sticky":false,"template":"","format":"standard","meta":{"fifu_image_url":"","fifu_image_alt":"","footnotes":""},"categories":[73,55],"tags":[],"class_list":["post-78806","post","type-post","status-publish","format-standard","has-post-thumbnail","hentry","category-actualite","category-tunisie"],"_links":{"self":[{"href":"https:\/\/linitiative.ca\/International\/wp-json\/wp\/v2\/posts\/78806","targetHints":{"allow":["GET"]}}],"collection":[{"href":"https:\/\/linitiative.ca\/International\/wp-json\/wp\/v2\/posts"}],"about":[{"href":"https:\/\/linitiative.ca\/International\/wp-json\/wp\/v2\/types\/post"}],"author":[{"embeddable":true,"href":"https:\/\/linitiative.ca\/International\/wp-json\/wp\/v2\/users\/1789"}],"replies":[{"embeddable":true,"href":"https:\/\/linitiative.ca\/International\/wp-json\/wp\/v2\/comments?post=78806"}],"version-history":[{"count":0,"href":"https:\/\/linitiative.ca\/International\/wp-json\/wp\/v2\/posts\/78806\/revisions"}],"wp:featuredmedia":[{"embeddable":true,"href":"https:\/\/linitiative.ca\/International\/wp-json\/"}],"wp:attachment":[{"href":"https:\/\/linitiative.ca\/International\/wp-json\/wp\/v2\/media?parent=78806"}],"wp:term":[{"taxonomy":"category","embeddable":true,"href":"https:\/\/linitiative.ca\/International\/wp-json\/wp\/v2\/categories?post=78806"},{"taxonomy":"post_tag","embeddable":true,"href":"https:\/\/linitiative.ca\/International\/wp-json\/wp\/v2\/tags?post=78806"}],"curies":[{"name":"wp","href":"https:\/\/api.w.org\/{rel}","templated":true}]}}