{"id":78808,"date":"2020-03-11T15:50:20","date_gmt":"2020-03-11T19:50:20","guid":{"rendered":"https:\/\/linitiative.ca\/International\/madina-ganou-ambassadeur-presente-ses-lettres-de-creance-au-president-yoweri-museveni\/"},"modified":"2020-03-11T15:50:20","modified_gmt":"2020-03-11T19:50:20","slug":"madina-ganou-ambassadeur-presente-ses-lettres-de-creance-au-president-yoweri-museveni","status":"publish","type":"post","link":"https:\/\/linitiative.ca\/International\/madina-ganou-ambassadeur-presente-ses-lettres-de-creance-au-president-yoweri-museveni\/","title":{"rendered":"Madina Ganou, Ambassadeur, pr\u00e9sente ses lettres de cr\u00e9ance au pr\u00e9sident Yoweri Museveni"},"content":{"rendered":"<div class=\"td-post-featured-image\"><a href=\"https:\/\/i0.wp.com\/www.sidwaya.info\/wp-content\/uploads\/2020\/03\/diplomatie12.jpg?fit=781%2C520&amp;ssl=1\" data-caption=\"\"><img loading=\"lazy\" decoding=\"async\" width=\"696\" height=\"463\" class=\"entry-thumb td-modal-image\" src=\"https:\/\/i0.wp.com\/www.sidwaya.info\/wp-content\/uploads\/2020\/03\/diplomatie12.jpg?resize=696,463&amp;ssl=1\" srcset=\"https:\/\/i0.wp.com\/www.sidwaya.info\/wp-content\/uploads\/2020\/03\/diplomatie12.jpg?w=781&amp;ssl=1 781w, https:\/\/i0.wp.com\/www.sidwaya.info\/wp-content\/uploads\/2020\/03\/diplomatie12.jpg?resize=300%2C200&amp;ssl=1 300w, https:\/\/i0.wp.com\/www.sidwaya.info\/wp-content\/uploads\/2020\/03\/diplomatie12.jpg?resize=768%2C511&amp;ssl=1 768w, https:\/\/i0.wp.com\/www.sidwaya.info\/wp-content\/uploads\/2020\/03\/diplomatie12.jpg?resize=696,463&amp;ssl=1 696w, https:\/\/i0.wp.com\/www.sidwaya.info\/wp-content\/uploads\/2020\/03\/diplomatie12.jpg?resize=631%2C420&amp;ssl=1 631w, https:\/\/i0.wp.com\/www.sidwaya.info\/wp-content\/uploads\/2020\/03\/diplomatie12.jpg?resize=600%2C399&amp;ssl=1 600w\" sizes=\"auto, (max-width: 696px) 100vw, 696px\" alt=\"\" title=\"diplomatie12\"\/><\/a><\/div>\n<p><strong>Madina Ganou, ambassadeur du Burkina Faso pr\u00e8s la R\u00e9publique d\u2019Ouganda, a pr\u00e9sent\u00e9 ses lettres de cr\u00e9ance au pr\u00e9sident Yoweri Kaguta Museveni le jeudi 27 f\u00e9vrier 2020.<\/strong><\/p>\n<p>Son Excellence, Madame Madina Ganou\/Diaby Kassamba a pr\u00e9sent\u00e9, le jeudi 27 f\u00e9vrier 2020 \u00e0 Son Excellence Monsieur Yoweri Museveni, pr\u00e9sident de la R\u00e9publique d\u2019Ouganda, les Lettres par lesquelles le pr\u00e9sident du Faso, Son Excellence Monsieur Roch Marc Christian Kabor\u00e9, l\u2019accr\u00e9dite en qualit\u00e9 d\u2019Ambassadeur Extraordinaire et Pl\u00e9nipotentiaire pr\u00e8s la R\u00e9publique d\u2019Ouganda avec r\u00e9sidence \u00e0 Nairobi.<br \/>Au cours de leur entretien, Mme Ganou a transmis au pr\u00e9sident ougandais, les salutations fraternelles du pr\u00e9sident du Faso ainsi que ses v\u0153ux de paix et de succ\u00e8s pour lui, pour le Gouvernement et le peuple ougandais.<br \/>Par ailleurs, Mme l\u2019ambassadeur a r\u00e9it\u00e9r\u00e9 au pr\u00e9sident Museveni, la volont\u00e9 du pr\u00e9sident du Faso, Roch M. Kabor\u00e9 de renforcer les relations bilat\u00e9rales qui unissent les deux pays dans divers domaines, \u00e0 travers la signature d\u2019un accord-cadre de coop\u00e9ration.<br \/>En retour, le chef de l\u2019Etat ougandais a transmis ses salutations fraternelles au pr\u00e9sident du Faso, et salu\u00e9 la nomination d\u2019un Ambassadeur Extraordinaire et Pl\u00e9nipotentiaire pr\u00e8s la R\u00e9publique d\u2019Ouganda.<br \/>Au cours de cet entretien qui a eu lieu en pr\u00e9sence du chef de la diplomatie ougandaise, Son excellence Sam Kahamba Kutesa, le pr\u00e9sident ougandais a exprim\u00e9 sa solidarit\u00e9 au Gouvernement et au Peuple du Burkina Faso face aux attaques terroristes et marqu\u00e9 sa disponibilit\u00e9 \u00e0 \u0153uvrer au renforcement des relations entre les deux pays, notamment en mati\u00e8re s\u00e9curitaire, \u00e9conomique et commerciale.<br \/>Nomm\u00e9e le 17 octobre 2018, Son Excellence Madina Ganou\/Diaby Kassamba qui r\u00e9sidente \u00e0 Nairobi (Kenya) exerce sur une juridiction diplomatique qui couvre \u00e9galement les R\u00e9publiques du Burundi, de l\u2019Ouganda, du Rwanda et la Tanzanie.<\/p>\n<p>J\u00e9r\u00f4me Ti\u00e8bil\u00e8 Damou\u00e9<br \/>(collaborateur)<\/p>\n<div class=\"td-a-rec td-a-rec-id-content_bottom tdi_30_b9b td_block_template_1\"><img loading=\"lazy\" decoding=\"async\" class=\"aligncenter size-full wp-image-9623\" src=\"https:\/\/www.sidwaya.info\/wp-content\/uploads\/2019\/06\/Projet-bannie\u0300re-Orange-mobile.jpg\" alt=\"\" width=\"728\" height=\"81\"\/><\/div>\n<p>Auteur: BM. Sidwaya<br \/>\n<a href=\"https:\/\/www.sidwaya.info\/blog\/2020\/03\/11\/madina-ganou-ambassadeur-presente-ses-lettres-de-creance-au-president-yoweri-museveni\/\">Cliquez ici pour lire l&rsquo;article depuis sa source.<\/a><\/p>\n","protected":false},"excerpt":{"rendered":"<p>Madina Ganou, ambassadeur du Burkina Faso pr\u00e8s la R\u00e9publique d\u2019Ouganda, a pr\u00e9sent\u00e9 ses lettres de cr\u00e9ance au pr\u00e9sident Yoweri Kaguta Museveni le jeudi 27 f\u00e9vrier 2020. Son Excellence, Madame Madina Ganou\/Diaby Kassamba a pr\u00e9sent\u00e9, le jeudi 27 f\u00e9vrier 2020 \u00e0 Son Excellence Monsieur Yoweri Museveni, pr\u00e9sident de la R\u00e9publique d\u2019Ouganda, les Lettres par lesquelles le [&hellip;]<\/p>\n","protected":false},"author":1816,"featured_media":0,"comment_status":"closed","ping_status":"closed","sticky":false,"template":"","format":"standard","meta":{"fifu_image_url":"","fifu_image_alt":"","footnotes":""},"categories":[73,81],"tags":[],"class_list":["post-78808","post","type-post","status-publish","format-standard","hentry","category-actualite","category-burkina-faso"],"_links":{"self":[{"href":"https:\/\/linitiative.ca\/International\/wp-json\/wp\/v2\/posts\/78808","targetHints":{"allow":["GET"]}}],"collection":[{"href":"https:\/\/linitiative.ca\/International\/wp-json\/wp\/v2\/posts"}],"about":[{"href":"https:\/\/linitiative.ca\/International\/wp-json\/wp\/v2\/types\/post"}],"author":[{"embeddable":true,"href":"https:\/\/linitiative.ca\/International\/wp-json\/wp\/v2\/users\/1816"}],"replies":[{"embeddable":true,"href":"https:\/\/linitiative.ca\/International\/wp-json\/wp\/v2\/comments?post=78808"}],"version-history":[{"count":0,"href":"https:\/\/linitiative.ca\/International\/wp-json\/wp\/v2\/posts\/78808\/revisions"}],"wp:attachment":[{"href":"https:\/\/linitiative.ca\/International\/wp-json\/wp\/v2\/media?parent=78808"}],"wp:term":[{"taxonomy":"category","embeddable":true,"href":"https:\/\/linitiative.ca\/International\/wp-json\/wp\/v2\/categories?post=78808"},{"taxonomy":"post_tag","embeddable":true,"href":"https:\/\/linitiative.ca\/International\/wp-json\/wp\/v2\/tags?post=78808"}],"curies":[{"name":"wp","href":"https:\/\/api.w.org\/{rel}","templated":true}]}}