{"id":78811,"date":"2020-03-11T15:59:40","date_gmt":"2020-03-11T19:59:40","guid":{"rendered":"https:\/\/linitiative.ca\/International\/television-numerique-terrestre-la-redevance-maintenue-a-75-millions-f-cfa\/"},"modified":"2020-03-11T15:59:40","modified_gmt":"2020-03-11T19:59:40","slug":"television-numerique-terrestre-la-redevance-maintenue-a-75-millions-f-cfa","status":"publish","type":"post","link":"https:\/\/linitiative.ca\/International\/television-numerique-terrestre-la-redevance-maintenue-a-75-millions-f-cfa\/","title":{"rendered":"T\u00e9l\u00e9vision num\u00e9rique terrestre: la redevance maintenue \u00e0 75 millions F CFA"},"content":{"rendered":"<div class=\"td-post-featured-image\"><a href=\"https:\/\/i2.wp.com\/www.sidwaya.info\/wp-content\/uploads\/2020\/03\/tntsid12.jpg?fit=1028%2C520&amp;ssl=1\" data-caption=\"\"><img loading=\"lazy\" decoding=\"async\" width=\"696\" height=\"352\" class=\"entry-thumb td-modal-image\" src=\"https:\/\/i2.wp.com\/www.sidwaya.info\/wp-content\/uploads\/2020\/03\/tntsid12.jpg?resize=696,352&amp;ssl=1\" srcset=\"https:\/\/i2.wp.com\/www.sidwaya.info\/wp-content\/uploads\/2020\/03\/tntsid12.jpg?w=1028&amp;ssl=1 1028w, https:\/\/i2.wp.com\/www.sidwaya.info\/wp-content\/uploads\/2020\/03\/tntsid12.jpg?resize=300%2C152&amp;ssl=1 300w, https:\/\/i2.wp.com\/www.sidwaya.info\/wp-content\/uploads\/2020\/03\/tntsid12.jpg?resize=1024%2C518&amp;ssl=1 1024w, https:\/\/i2.wp.com\/www.sidwaya.info\/wp-content\/uploads\/2020\/03\/tntsid12.jpg?resize=768%2C388&amp;ssl=1 768w, https:\/\/i2.wp.com\/www.sidwaya.info\/wp-content\/uploads\/2020\/03\/tntsid12.jpg?resize=696,352&amp;ssl=1 696w, https:\/\/i2.wp.com\/www.sidwaya.info\/wp-content\/uploads\/2020\/03\/tntsid12.jpg?resize=830%2C420&amp;ssl=1 830w, https:\/\/i2.wp.com\/www.sidwaya.info\/wp-content\/uploads\/2020\/03\/tntsid12.jpg?resize=600%2C304&amp;ssl=1 600w\" sizes=\"auto, (max-width: 696px) 100vw, 696px\" alt=\"\" title=\"tntsid12\"\/><\/a><\/div>\n<p><strong>Le Premier ministre, Christophe Joseph Marie Dabir\u00e9 a pr\u00e9sid\u00e9 la r\u00e9union statutaire du comit\u00e9 de pilotage de la mise en \u0153uvre effective de la T\u00e9l\u00e9vision num\u00e9rique terrestre (TNT), dans la matin\u00e9e du mardi 10 mars 2020 \u00e0 Ouagadougou. Au cours de cette rencontre, les acteurs se sont pench\u00e9s sur le m\u00e9morandum d\u00e9pos\u00e9 par les repr\u00e9sentants de l\u2019Union burkinab\u00e8 des \u00e9diteurs priv\u00e9s de services de t\u00e9l\u00e9vision (UBESTV).<\/strong><\/p>\n<p>La r\u00e9union du comit\u00e9 de pilotage, pr\u00e9sid\u00e9e par le Premier ministre, avait plusieurs points inscrits \u00e0 son ordre du jour.<br \/>Il s\u2019agit notamment de l\u2019\u00e9tat des lieux du processus depuis l\u2019extinction du signal analogique et aussi surtout, de l\u2019examen d\u2019une requ\u00eate que les \u00e9diteurs des services de t\u00e9l\u00e9vision \u00e0 travers leur organisation fa\u00eeti\u00e8re (UBESTV), ont adress\u00e9 au Chef du Gouvernement, en vue de la prise de mesures de r\u00e9duction de la redevance et d\u2019all\u00e8gement des charges fiscales. Cette r\u00e9union, \u00e9largie aux op\u00e9rateurs du secteur, a abouti au maintien de la redevance \u00e0 75 millions FCFA pour la couverture nationale. Au terme des travaux, le comit\u00e9 de pilotage apr\u00e8s avoir examin\u00e9 la question et les enjeux d\u2019une telle d\u00e9cision, a d\u00e9cid\u00e9 du maintien du montant initialement fix\u00e9.<br \/>\u00ab Nous sommes tomb\u00e9s d\u2019accord sur le montant des 75 millions hors taxe. Et nous allons discuter avec le minist\u00e8re en charge des finances, pour voir comment nous allons prendre en compte certaines sp\u00e9cificit\u00e9s qui sont li\u00e9es \u00e0 l\u2019ann\u00e9e en cours, pour ne pas trop p\u00e9naliser les acteurs \u00bb, a indiqu\u00e9 le ministre en charge de la communication, R\u00e9mis Fulgance Dandjinou.<br \/>R\u00e9mis Fulgance Dandjinou a pr\u00e9cis\u00e9 qu\u2019\u00e0 la fin de l\u2019ann\u00e9e, une \u00e9valuation sera faite pour juger du maintien \u00e0 la hausse, en l\u2019\u00e9tat ou d\u2019une baisse de ces redevances.<br \/>Il a \u00e9t\u00e9 aussi d\u00e9cid\u00e9 de la poursuite de la r\u00e9flexion sur certains aspects du m\u00e9morandum transmis au comit\u00e9 par UBESTV afin d\u2019apporter des solutions sur certains points pour soulager les op\u00e9rateurs.<br \/>En rappel, dans une pr\u00e9c\u00e9dente r\u00e9union du comit\u00e9, il avait \u00e9t\u00e9 d\u00e9cid\u00e9 que pour compter de cette ann\u00e9e 2020, les \u00e9diteurs priv\u00e9s de services de t\u00e9l\u00e9vision au Burkina Faso qui exploitaient depuis d\u00e9cembre 2017 gracieusement les services de la TNT, devraient payer pour compter de cette ann\u00e9e, 75 millions F CFA pour diffuser leurs programmes sur l\u2019ensemble du territoire. Ceux qui ne pourront pas diffuser sur l\u2019ensemble du pays, pourront opter pour une couverture r\u00e9gionale, dont les montants varient de 40 millions \u00e0 6 millions.<br \/>Le souhait des op\u00e9rateurs du secteur, \u00e9tait que le montant de la couverture nationale soit revu \u00e0 la baisse.<br \/>\u00ab Il ne faudrait pas que la redevance constitue un goulot d\u2019\u00e9tranglement suppl\u00e9mentaire pour les t\u00e9l\u00e9visions priv\u00e9es, qui contribuent \u00e0 la promotion de la culture burkinab\u00e8 \u00bb, plaide le pr\u00e9sident de l\u2019UBESTV, Issoufou Sar\u00e9.<br \/>\u00ab C\u2019est plus qu\u2019une r\u00e9duction que nous demandons, parce que nous demandons qu\u2019on nous permette de payer 50% la premi\u00e8re ann\u00e9e, 75 % la deuxi\u00e8me ann\u00e9e et les 100 % la troisi\u00e8me ann\u00e9e \u00bb, a-t-il sugg\u00e9r\u00e9.<br \/>En revanche, il a reconnu que le Premier ministre a \u00e9t\u00e9 tr\u00e8s sensible \u00e0 leurs pr\u00e9occupations et a promis de voir ce qui pourrait \u00eatre fait, en concertation avec les autres membres du comit\u00e9, pour accompagner les op\u00e9rateurs du secteur.<br \/>Lanc\u00e9e au Burkina Faso en d\u00e9cembre 2017, la TNT est dans sa phase op\u00e9rationnelle avec actuellement une couverture du territoire de pr\u00e8s de 100%. Seul le centre de Aribinda n\u2019est pas est op\u00e9rationnel.<\/p>\n<p>DCRP\/Primature<\/p>\n<div class=\"td-a-rec td-a-rec-id-content_bottom tdi_30_559 td_block_template_1\"><img loading=\"lazy\" decoding=\"async\" class=\"aligncenter size-full wp-image-9623\" src=\"https:\/\/www.sidwaya.info\/wp-content\/uploads\/2019\/06\/Projet-bannie\u0300re-Orange-mobile.jpg\" alt=\"\" width=\"728\" height=\"81\"\/><\/div>\n<p>Auteur: BM. Sidwaya<br \/>\n<a href=\"https:\/\/www.sidwaya.info\/blog\/2020\/03\/11\/television-numerique-terrestre-la-redevance-maintenue-a-75-millions-f-cfa-2\/\">Cliquez ici pour lire l&rsquo;article depuis sa source.<\/a><\/p>\n","protected":false},"excerpt":{"rendered":"<p>Le Premier ministre, Christophe Joseph Marie Dabir\u00e9 a pr\u00e9sid\u00e9 la r\u00e9union statutaire du comit\u00e9 de pilotage de la mise en \u0153uvre effective de la T\u00e9l\u00e9vision num\u00e9rique terrestre (TNT), dans la matin\u00e9e du mardi 10 mars 2020 \u00e0 Ouagadougou. Au cours de cette rencontre, les acteurs se sont pench\u00e9s sur le m\u00e9morandum d\u00e9pos\u00e9 par les repr\u00e9sentants [&hellip;]<\/p>\n","protected":false},"author":1816,"featured_media":0,"comment_status":"closed","ping_status":"closed","sticky":false,"template":"","format":"standard","meta":{"fifu_image_url":"","fifu_image_alt":"","footnotes":""},"categories":[73,81],"tags":[],"class_list":["post-78811","post","type-post","status-publish","format-standard","hentry","category-actualite","category-burkina-faso"],"_links":{"self":[{"href":"https:\/\/linitiative.ca\/International\/wp-json\/wp\/v2\/posts\/78811","targetHints":{"allow":["GET"]}}],"collection":[{"href":"https:\/\/linitiative.ca\/International\/wp-json\/wp\/v2\/posts"}],"about":[{"href":"https:\/\/linitiative.ca\/International\/wp-json\/wp\/v2\/types\/post"}],"author":[{"embeddable":true,"href":"https:\/\/linitiative.ca\/International\/wp-json\/wp\/v2\/users\/1816"}],"replies":[{"embeddable":true,"href":"https:\/\/linitiative.ca\/International\/wp-json\/wp\/v2\/comments?post=78811"}],"version-history":[{"count":0,"href":"https:\/\/linitiative.ca\/International\/wp-json\/wp\/v2\/posts\/78811\/revisions"}],"wp:attachment":[{"href":"https:\/\/linitiative.ca\/International\/wp-json\/wp\/v2\/media?parent=78811"}],"wp:term":[{"taxonomy":"category","embeddable":true,"href":"https:\/\/linitiative.ca\/International\/wp-json\/wp\/v2\/categories?post=78811"},{"taxonomy":"post_tag","embeddable":true,"href":"https:\/\/linitiative.ca\/International\/wp-json\/wp\/v2\/tags?post=78811"}],"curies":[{"name":"wp","href":"https:\/\/api.w.org\/{rel}","templated":true}]}}