{"id":78813,"date":"2020-03-11T15:18:03","date_gmt":"2020-03-11T19:18:03","guid":{"rendered":"https:\/\/linitiative.ca\/International\/le-senegal-detecte-un-nouveau-cas-de-covid-19\/"},"modified":"2020-03-11T15:18:03","modified_gmt":"2020-03-11T19:18:03","slug":"le-senegal-detecte-un-nouveau-cas-de-covid-19","status":"publish","type":"post","link":"https:\/\/linitiative.ca\/International\/le-senegal-detecte-un-nouveau-cas-de-covid-19\/","title":{"rendered":"Le S\u00e9n\u00e9gal d\u00e9tecte un nouveau cas de Covid-19"},"content":{"rendered":"<div readability=\"32\">\n<p>Publi\u00e9 le 11.03.2020 \u00e0 20h18 par APA News<\/p>\n<\/div>\n<div readability=\"67\">\n<p>Le minist\u00e8re s\u00e9n\u00e9galais de la Sant\u00e9 et de l\u2019Action sociale, dans un communiqu\u00e9 parvenu mercredi soir \u00e0 APA, confirme un nouveau cas de coronavirus qui porte \u00e0 cinq le nombre de cas enregistr\u00e9s dans le pays.\u00ab Un cas suspect est d\u00e9clar\u00e9 positif au Covid-19. Il s\u2019agit d\u2019un S\u00e9n\u00e9galais r\u00e9sidant en Italie, arriv\u00e9 le vendredi 6 mars 2020 \u00e0 l\u2019A\u00e9roport international Blaise Diagne de Diass. Il a \u00e9t\u00e9 consult\u00e9 le mardi 10 mars 2020, au lendemain de l\u2019apparition de ses premiers sympt\u00f4mes \u00bb, informent les autorit\u00e9s s\u00e9n\u00e9galaises ayant re\u00e7u, de l\u2019Institut Pasteur de Dakar (IPD), les r\u00e9sultats des tests du jour.<\/p>\n<p>Le nouveau patient \u00ab a imm\u00e9diatement \u00e9t\u00e9 pr\u00e9lev\u00e9 et isol\u00e9. Il est actuellement hospitalis\u00e9 au service des maladies infectieuses de l\u2019h\u00f4pital Fann \u00bb de Dakar, pr\u00e9cise le communiqu\u00e9. En outre, \u00ab sept autres cas suspects ont \u00e9t\u00e9 test\u00e9s n\u00e9gatifs \u00bb, se r\u00e9jouit le minist\u00e8re de la Sant\u00e9 et de l\u2019Action sociale.<\/p>\n<p>Le document mentionne que \u00ab le deuxi\u00e8me test de contr\u00f4le effectu\u00e9 sur la ressortissante britannique, hospitalis\u00e9e au service des maladies infectieuses de Fann, est revenu n\u00e9gatif. La patiente est donc d\u00e9clar\u00e9e gu\u00e9rie et doit sortir d\u2019hospitalisation dans les heures qui suivent \u00bb.<\/p>\n<p>L\u2019\u00e9tat clinique des deux autres patients, pr\u00e9c\u00e9demment d\u00e9clar\u00e9s positifs et actuellement au service des maladies infectieuses de Fann, est stable. Tout compte fait, il y a au S\u00e9n\u00e9gal, ce mercredi 11 mars 2020, \u00ab trois cas positifs au Covid-19 \u00bb, conclut le minist\u00e8re de la Sant\u00e9 et de l\u2019Action sociale.<\/p>\n<\/div>\n<p>Auteur: APA News<br \/>\n<a href=\"https:\/\/www.journalducameroun.com\/le-senegal-detecte-un-nouveau-cas-de-covid-19\/\">Cliquez ici pour lire l&rsquo;article depuis sa source.<\/a><\/p>\n","protected":false},"excerpt":{"rendered":"<p>Publi\u00e9 le 11.03.2020 \u00e0 20h18 par APA News Le minist\u00e8re s\u00e9n\u00e9galais de la Sant\u00e9 et de l\u2019Action sociale, dans un communiqu\u00e9 parvenu mercredi soir \u00e0 APA, confirme un nouveau cas de coronavirus qui porte \u00e0 cinq le nombre de cas enregistr\u00e9s dans le pays.\u00ab Un cas suspect est d\u00e9clar\u00e9 positif au Covid-19. Il s\u2019agit d\u2019un [&hellip;]<\/p>\n","protected":false},"author":1965,"featured_media":0,"comment_status":"closed","ping_status":"closed","sticky":false,"template":"","format":"standard","meta":{"fifu_image_url":"","fifu_image_alt":"","footnotes":""},"categories":[73,82],"tags":[],"class_list":["post-78813","post","type-post","status-publish","format-standard","hentry","category-actualite","category-cameroun"],"_links":{"self":[{"href":"https:\/\/linitiative.ca\/International\/wp-json\/wp\/v2\/posts\/78813","targetHints":{"allow":["GET"]}}],"collection":[{"href":"https:\/\/linitiative.ca\/International\/wp-json\/wp\/v2\/posts"}],"about":[{"href":"https:\/\/linitiative.ca\/International\/wp-json\/wp\/v2\/types\/post"}],"author":[{"embeddable":true,"href":"https:\/\/linitiative.ca\/International\/wp-json\/wp\/v2\/users\/1965"}],"replies":[{"embeddable":true,"href":"https:\/\/linitiative.ca\/International\/wp-json\/wp\/v2\/comments?post=78813"}],"version-history":[{"count":0,"href":"https:\/\/linitiative.ca\/International\/wp-json\/wp\/v2\/posts\/78813\/revisions"}],"wp:attachment":[{"href":"https:\/\/linitiative.ca\/International\/wp-json\/wp\/v2\/media?parent=78813"}],"wp:term":[{"taxonomy":"category","embeddable":true,"href":"https:\/\/linitiative.ca\/International\/wp-json\/wp\/v2\/categories?post=78813"},{"taxonomy":"post_tag","embeddable":true,"href":"https:\/\/linitiative.ca\/International\/wp-json\/wp\/v2\/tags?post=78813"}],"curies":[{"name":"wp","href":"https:\/\/api.w.org\/{rel}","templated":true}]}}