{"id":78814,"date":"2020-03-11T16:18:05","date_gmt":"2020-03-11T20:18:05","guid":{"rendered":"https:\/\/linitiative.ca\/International\/dakar-et-banjul-veulent-profiter-du-tournant-decisif-de-leur-histoire\/"},"modified":"2020-03-11T16:18:05","modified_gmt":"2020-03-11T20:18:05","slug":"dakar-et-banjul-veulent-profiter-du-tournant-decisif-de-leur-histoire","status":"publish","type":"post","link":"https:\/\/linitiative.ca\/International\/dakar-et-banjul-veulent-profiter-du-tournant-decisif-de-leur-histoire\/","title":{"rendered":"Dakar et Banjul veulent profiter du \u00abtournant d\u00e9cisif de leur histoire\u00bb"},"content":{"rendered":"<div readability=\"32\">\n<p>Publi\u00e9 le 11.03.2020 \u00e0 21h18 par APA News<\/p>\n<\/div>\n<div readability=\"99\">\n<p>Les ministres s\u00e9n\u00e9galais et gambien des Affaires \u00e9trang\u00e8res ont appel\u00e9, mercredi soir \u00e0 Dakar, \u00e0 l\u2019intensification de la coop\u00e9ration entre leur deux pays, qui entretiennent un \u00ab climat de confiance \u00bb depuis l\u2019arriv\u00e9e au pouvoir d\u2019Adama Barrow qui a initi\u00e9 avec son homologue Macky Sall le Conseil pr\u00e9sidentiel s\u00e9n\u00e9galo-gambien.Selon le S\u00e9n\u00e9galais Amadou Ba, cette nouvelle dynamique due \u00e0 la \u00ab clairvoyance \u00bb des deux chefs d\u2019Etat doit permettre une \u00ab coop\u00e9ration intense en mati\u00e8re de renseignement \u00bb, vu que le contexte r\u00e9gional est marqu\u00e9 par le terrorisme, l\u2019extr\u00e9misme violent et la criminalit\u00e9 transfrontali\u00e8re.<\/p>\n<p>D\u00e9j\u00e0, a-t-il ajout\u00e9, \u00ab une collaboration plus \u00e9troite entre les forces de d\u00e9fense et de s\u00e9curit\u00e9 a permis d\u2019anticiper nombre de menaces et d\u2019assurer la s\u00e9curit\u00e9 des personnes et des biens, notamment au niveau des fronti\u00e8res \u00bb s\u00e9n\u00e9galo-gambiennes.<\/p>\n<p>Amadou Ba s\u2019exprimait lors de la deuxi\u00e8me \u00e9dition du Conseil pr\u00e9sidentiel s\u00e9n\u00e9galo-gambien, ouverte depuis hier \u00e0 Dakar et qui sera cl\u00f4tur\u00e9e demain jeudi par les deux chefs d\u2019Etat des pays frontaliers.<\/p>\n<p>Mais en compagnie de son homologue gambien Mamadu Tangara et plusieurs autres ministres des deux pays ce mercredi, M. Ba a soulign\u00e9 l\u2019importance \u00ab d\u2019\u0153uvrer ensemble \u00e0 la mise en \u0153uvre ad\u00e9quate de l\u2019accord sur les transports routiers \u00bb.<\/p>\n<p>\u00ab Il faudrait \u00e9galement \u0153uvrer \u00e0 faciliter le passage des personnes et des biens aux fronti\u00e8res et de cr\u00e9er les conditions d\u2019une parfaite int\u00e9gration de nos populations dans l\u2019un et l\u2019autre pays \u00bb, invite le ministre des Affaires \u00e9trang\u00e8res et des S\u00e9n\u00e9galais de l\u2019ext\u00e9rieur.<\/p>\n<p>Le Gambien Mamadu Tangara a abord\u00e9 cet aspect, notant qu\u2019il \u00ab faut qu\u2019on travaille encore plus \u00bb pour \u00ab lever les barri\u00e8res \u00bb et \u00e9radiquer les obstacles qui ne sont pas en faveur de la libre circulation des personnes et des biens. Pour lui, \u00ab c\u2019est ainsi qu\u2019on pourra se targuer d\u2019avoir un espace de paix \u00bb.<\/p>\n<p>Par ailleurs, le ministre gambien a insist\u00e9 sur l\u2019intensification de la coop\u00e9ration dans le tourisme, qui est l\u2019un des \u00ab secteurs o\u00f9 on peut collaborer pour avoir des succ\u00e8s \u00bb.<\/p>\n<p>Au plan des \u00e9nergies, Amadou Ba a aussi soulign\u00e9 le \u00ab partenariat f\u00e9cond \u00bb entre la Senelec et la Nawec, avec la mise en service du point de livraison de Karang pour l\u2019alimentation en \u00e9lectricit\u00e9 de la zone d\u2019Amdalai-Barra apr\u00e8s celle de Keur Ayib. Il a aussi cit\u00e9 en exemple la coop\u00e9ration dans le domaine de la p\u00eache, l\u2019agriculture, l\u2019environnement\u2026<\/p>\n<p>Dans cette argumentation, Mamadu Tangara s\u2019est montr\u00e9 optimiste, estimant que \u00ab nos deux leaders aspirent \u00e0 amener le d\u00e9veloppement \u00e0 la porte de nos deux pays \u00bb. Une relation bilat\u00e9rale qui pourrait servir selon lui de \u00ab mod\u00e8le pour le continent africain \u00bb.<\/p>\n<p>La mise en place du Conseil pr\u00e9sidentiel s\u00e9n\u00e9galo-gambien a \u00e9t\u00e9 d\u00e9cid\u00e9e lors de la visite du pr\u00e9sident Adama Barrow au S\u00e9n\u00e9gal, du 2 au 4 mars 2017.<\/p>\n<p>Sa premi\u00e8re \u00e9dition a \u00e9t\u00e9 tenue \u00e0 Banjul, le 13 mars 2018. Cette initiative participe d\u2019une volont\u00e9 commune des deux Chefs d\u2019Etat d\u2019impulser une nouvelle dynamique aux relations entre le S\u00e9n\u00e9gal et la Gambie et d\u2019instaurer un dialogue permanent et confiant au niveau politique.<\/p>\n<\/div>\n<p>Auteur: APA News<br \/>\n<a href=\"https:\/\/www.journalducameroun.com\/dakar-et-banjul-veulent-profiter-du-tournant-decisif-de-leur-histoire\/\">Cliquez ici pour lire l&rsquo;article depuis sa source.<\/a><\/p>\n","protected":false},"excerpt":{"rendered":"<p>Publi\u00e9 le 11.03.2020 \u00e0 21h18 par APA News Les ministres s\u00e9n\u00e9galais et gambien des Affaires \u00e9trang\u00e8res ont appel\u00e9, mercredi soir \u00e0 Dakar, \u00e0 l\u2019intensification de la coop\u00e9ration entre leur deux pays, qui entretiennent un \u00ab climat de confiance \u00bb depuis l\u2019arriv\u00e9e au pouvoir d\u2019Adama Barrow qui a initi\u00e9 avec son homologue Macky Sall le Conseil [&hellip;]<\/p>\n","protected":false},"author":1965,"featured_media":0,"comment_status":"closed","ping_status":"closed","sticky":false,"template":"","format":"standard","meta":{"fifu_image_url":"","fifu_image_alt":"","footnotes":""},"categories":[73,82],"tags":[],"class_list":["post-78814","post","type-post","status-publish","format-standard","hentry","category-actualite","category-cameroun"],"_links":{"self":[{"href":"https:\/\/linitiative.ca\/International\/wp-json\/wp\/v2\/posts\/78814","targetHints":{"allow":["GET"]}}],"collection":[{"href":"https:\/\/linitiative.ca\/International\/wp-json\/wp\/v2\/posts"}],"about":[{"href":"https:\/\/linitiative.ca\/International\/wp-json\/wp\/v2\/types\/post"}],"author":[{"embeddable":true,"href":"https:\/\/linitiative.ca\/International\/wp-json\/wp\/v2\/users\/1965"}],"replies":[{"embeddable":true,"href":"https:\/\/linitiative.ca\/International\/wp-json\/wp\/v2\/comments?post=78814"}],"version-history":[{"count":0,"href":"https:\/\/linitiative.ca\/International\/wp-json\/wp\/v2\/posts\/78814\/revisions"}],"wp:attachment":[{"href":"https:\/\/linitiative.ca\/International\/wp-json\/wp\/v2\/media?parent=78814"}],"wp:term":[{"taxonomy":"category","embeddable":true,"href":"https:\/\/linitiative.ca\/International\/wp-json\/wp\/v2\/categories?post=78814"},{"taxonomy":"post_tag","embeddable":true,"href":"https:\/\/linitiative.ca\/International\/wp-json\/wp\/v2\/tags?post=78814"}],"curies":[{"name":"wp","href":"https:\/\/api.w.org\/{rel}","templated":true}]}}