{"id":78815,"date":"2020-03-11T16:18:08","date_gmt":"2020-03-11T20:18:08","guid":{"rendered":"https:\/\/linitiative.ca\/International\/la-caf-maintient-ses-competitions-malgre-le-coronavirus\/"},"modified":"2020-03-11T16:18:08","modified_gmt":"2020-03-11T20:18:08","slug":"la-caf-maintient-ses-competitions-malgre-le-coronavirus","status":"publish","type":"post","link":"https:\/\/linitiative.ca\/International\/la-caf-maintient-ses-competitions-malgre-le-coronavirus\/","title":{"rendered":"La Caf maintient ses comp\u00e9titions malgr\u00e9 le coronavirus"},"content":{"rendered":"<div readability=\"32\">\n<p>Publi\u00e9 le 11.03.2020 \u00e0 21h18 par APA News<\/p>\n<\/div>\n<div readability=\"76\">\n<p>La Conf\u00e9d\u00e9ration africaine de football (Caf), dont le site a \u00e9t\u00e9 visit\u00e9 ce mercredi \u00e0 APA, annonce par un communiqu\u00e9 le maintien de la programmation de toutes ses comp\u00e9titions.L\u2019instance fa\u00eeti\u00e8re du football africain justifie cette mesure par le fait qu\u2019 \u00ab aucun pays africain jusqu\u2019\u00e0 ce jour, n\u2019a \u00e9t\u00e9 d\u00e9clar\u00e9 \u00e0 haut risque \u00bb, selon les rapports quotidiens de l\u2019Organisation Mondiale de la Sant\u00e9 (OMS).<\/p>\n<p>La Caf dit suivre \u00ab de tr\u00e8s pr\u00e8s l\u2019\u00e9volution du coronavirus (Covid-19) \u00e0 travers le monde et en particulier sur notre continent \u00bb. Ainsi, elle est \u00ab inform\u00e9e des mesures de restrictions prises par des autorit\u00e9s de certains pays membres avec lesquels elle est en contact pour trouver des solutions au cas par cas, pouvant aller jusqu\u2019\u00e0 l\u2019organisation de matches \u00e0 huis clos \u00bb.<\/p>\n<p>Enfin, l\u2019organisation dirig\u00e9e par le Malgache Ahmad Ahmad, affirme que le Championnat d\u2019Afrique des nations (Chan), pr\u00e9vu du 4 au 25 avril 2020 au Cameroun, aura bel et bien lieu \u00e0 la p\u00e9riode indiqu\u00e9e.<\/p>\n<p>Mais \u00ab une visite d\u2019inspection de la commission m\u00e9dicale de la Caf est pr\u00e9vue les 14 et 15 mars 2020 au Cameroun. Cette mission a pour objectif d\u2019\u00e9valuer l\u2019ensemble des mesures pr\u00e9ventives prises par le comit\u00e9 local d\u2019organisation \u00bb, renseigne le document.<\/p>\n<p>A ce jour, treize pays africains ont confirm\u00e9 la pr\u00e9sence du virus sur leur territoire. Il s\u2019agit de l\u2019Egypte (60 cas), l\u2019Alg\u00e9rie (20 cas), de l\u2019Afrique du Sud (13 cas), de la Tunisie (7 cas), du Maroc (5 cas), du S\u00e9n\u00e9gal (5 cas), du Cameroun (2 cas), du Nigeria (2 cas), du Burkina Faso (2 cas), du Togo (1 cas), de la R\u00e9publique D\u00e9mocratique du Congo (1 cas), du Congo (1 cas) et de la C\u00f4te d\u2019Ivoire (1 cas).<\/p>\n<\/div>\n<p>Auteur: APA News<br \/>\n<a href=\"https:\/\/www.journalducameroun.com\/la-caf-maintient-ses-competitions-malgre-le-coronavirus\/\">Cliquez ici pour lire l&rsquo;article depuis sa source.<\/a><\/p>\n","protected":false},"excerpt":{"rendered":"<p>Publi\u00e9 le 11.03.2020 \u00e0 21h18 par APA News La Conf\u00e9d\u00e9ration africaine de football (Caf), dont le site a \u00e9t\u00e9 visit\u00e9 ce mercredi \u00e0 APA, annonce par un communiqu\u00e9 le maintien de la programmation de toutes ses comp\u00e9titions.L\u2019instance fa\u00eeti\u00e8re du football africain justifie cette mesure par le fait qu\u2019 \u00ab aucun pays africain jusqu\u2019\u00e0 ce jour, [&hellip;]<\/p>\n","protected":false},"author":1965,"featured_media":0,"comment_status":"closed","ping_status":"closed","sticky":false,"template":"","format":"standard","meta":{"fifu_image_url":"","fifu_image_alt":"","footnotes":""},"categories":[73,82],"tags":[],"class_list":["post-78815","post","type-post","status-publish","format-standard","hentry","category-actualite","category-cameroun"],"_links":{"self":[{"href":"https:\/\/linitiative.ca\/International\/wp-json\/wp\/v2\/posts\/78815","targetHints":{"allow":["GET"]}}],"collection":[{"href":"https:\/\/linitiative.ca\/International\/wp-json\/wp\/v2\/posts"}],"about":[{"href":"https:\/\/linitiative.ca\/International\/wp-json\/wp\/v2\/types\/post"}],"author":[{"embeddable":true,"href":"https:\/\/linitiative.ca\/International\/wp-json\/wp\/v2\/users\/1965"}],"replies":[{"embeddable":true,"href":"https:\/\/linitiative.ca\/International\/wp-json\/wp\/v2\/comments?post=78815"}],"version-history":[{"count":0,"href":"https:\/\/linitiative.ca\/International\/wp-json\/wp\/v2\/posts\/78815\/revisions"}],"wp:attachment":[{"href":"https:\/\/linitiative.ca\/International\/wp-json\/wp\/v2\/media?parent=78815"}],"wp:term":[{"taxonomy":"category","embeddable":true,"href":"https:\/\/linitiative.ca\/International\/wp-json\/wp\/v2\/categories?post=78815"},{"taxonomy":"post_tag","embeddable":true,"href":"https:\/\/linitiative.ca\/International\/wp-json\/wp\/v2\/tags?post=78815"}],"curies":[{"name":"wp","href":"https:\/\/api.w.org\/{rel}","templated":true}]}}