{"id":78816,"date":"2020-03-11T17:18:03","date_gmt":"2020-03-11T21:18:03","guid":{"rendered":"https:\/\/linitiative.ca\/International\/covid-19-le-maroc-enregistre-un-six-cas-de-contamination\/"},"modified":"2020-03-11T17:18:03","modified_gmt":"2020-03-11T21:18:03","slug":"covid-19-le-maroc-enregistre-un-six-cas-de-contamination","status":"publish","type":"post","link":"https:\/\/linitiative.ca\/International\/covid-19-le-maroc-enregistre-un-six-cas-de-contamination\/","title":{"rendered":"Covid-19 : Le Maroc enregistre un six cas de contamination"},"content":{"rendered":"<div readability=\"32\">\n<p>Publi\u00e9 le 11.03.2020 \u00e0 22h18 par APA News<\/p>\n<\/div>\n<div readability=\"71\">\n<p>Le minist\u00e8re marocain de la Sant\u00e9 a annonc\u00e9 ce mercredi un nouveau cas de contamination au nouveau coronavirus (Covid-19) au Maroc, portant \u00e0 six le nombre des personnes infect\u00e9es.Il s\u2019agit d\u2019une ressortissante fran\u00e7aise d\u2019origine s\u00e9n\u00e9galaise \u00e2g\u00e9e de 64 ans et souffrant d\u2019une maladie chronique. Elle est arriv\u00e9e \u00e0 F\u00e8s le jeudi 5 mars en provenance de France, pr\u00e9cise un communiqu\u00e9 du minist\u00e8re.<\/p>\n<p>Apr\u00e8s avoir pr\u00e9sent\u00e9 des sympt\u00f4mes respiratoires le samedi 7 mars, la patiente s\u2019est rendue dans l\u2019un des \u00e9tablissements hospitaliers, o\u00f9 elle a \u00e9t\u00e9 prise en charge par le personnel m\u00e9dical sp\u00e9cialis\u00e9 qui a soup\u00e7onn\u00e9 une contamination au coronavirus.<\/p>\n<p>Les analyses effectu\u00e9es au laboratoire de l\u2019Institut Pasteur-Maroc se sont r\u00e9v\u00e9l\u00e9es positives et la patiente a alors \u00e9t\u00e9 prise en charge conform\u00e9ment aux proc\u00e9dures sanitaires en vigueur, ajoute-t-on.<\/p>\n<p>Plus t\u00f4t dans la journ\u00e9e, le minist\u00e8re de la Sant\u00e9 a annonc\u00e9 deux nouveaux cas confirm\u00e9s d\u2019infection au Covid-19 au Maroc.<\/p>\n<p>Il s\u2019agit de l\u2019\u00e9pouse et de la fille du touriste fran\u00e7ais test\u00e9 positif \u00e0 ce virus et d\u00e9clar\u00e9 comme \u00e9tant le troisi\u00e8me cas confirm\u00e9 au Maroc.<\/p>\n<p>Les deux nouveaux cas ont \u00e9t\u00e9 d\u00e9tect\u00e9s dans le cadre de l\u2019ex\u00e9cution du Plan national de veille et de riposte au Covid-19, notamment parmi les personnes ayant c\u00f4toy\u00e9 des malades.\u00a0<\/p>\n<p>Les deux patients \u00e9taient sous contr\u00f4le m\u00e9dical et mis en quarantaine depuis deux jours, avant que les analyses au laboratoire de l\u2019Institut Pasteur-Maroc ne confirment leur infection.<\/p>\n<p>Ces deux nouveaux cas, dont l\u2019\u00e9tat de sant\u00e9 ne suscite pas d\u2019inqui\u00e9tudes, sont actuellement sous assistance m\u00e9dicale dans un h\u00f4pital \u00e0 Marrakech, o\u00f9 ils sont pris en charge conform\u00e9ment aux mesures sanitaires en vigueur, a indiqu\u00e9 le minist\u00e8re.<\/p>\n<\/div>\n<p>Auteur: APA News<br \/>\n<a href=\"https:\/\/www.journalducameroun.com\/covid-19-le-maroc-enregistre-un-six-cas-de-contamination\/\">Cliquez ici pour lire l&rsquo;article depuis sa source.<\/a><\/p>\n","protected":false},"excerpt":{"rendered":"<p>Publi\u00e9 le 11.03.2020 \u00e0 22h18 par APA News Le minist\u00e8re marocain de la Sant\u00e9 a annonc\u00e9 ce mercredi un nouveau cas de contamination au nouveau coronavirus (Covid-19) au Maroc, portant \u00e0 six le nombre des personnes infect\u00e9es.Il s\u2019agit d\u2019une ressortissante fran\u00e7aise d\u2019origine s\u00e9n\u00e9galaise \u00e2g\u00e9e de 64 ans et souffrant d\u2019une maladie chronique. Elle est arriv\u00e9e [&hellip;]<\/p>\n","protected":false},"author":1965,"featured_media":0,"comment_status":"closed","ping_status":"closed","sticky":false,"template":"","format":"standard","meta":{"fifu_image_url":"","fifu_image_alt":"","footnotes":""},"categories":[73,82],"tags":[],"class_list":["post-78816","post","type-post","status-publish","format-standard","hentry","category-actualite","category-cameroun"],"_links":{"self":[{"href":"https:\/\/linitiative.ca\/International\/wp-json\/wp\/v2\/posts\/78816","targetHints":{"allow":["GET"]}}],"collection":[{"href":"https:\/\/linitiative.ca\/International\/wp-json\/wp\/v2\/posts"}],"about":[{"href":"https:\/\/linitiative.ca\/International\/wp-json\/wp\/v2\/types\/post"}],"author":[{"embeddable":true,"href":"https:\/\/linitiative.ca\/International\/wp-json\/wp\/v2\/users\/1965"}],"replies":[{"embeddable":true,"href":"https:\/\/linitiative.ca\/International\/wp-json\/wp\/v2\/comments?post=78816"}],"version-history":[{"count":0,"href":"https:\/\/linitiative.ca\/International\/wp-json\/wp\/v2\/posts\/78816\/revisions"}],"wp:attachment":[{"href":"https:\/\/linitiative.ca\/International\/wp-json\/wp\/v2\/media?parent=78816"}],"wp:term":[{"taxonomy":"category","embeddable":true,"href":"https:\/\/linitiative.ca\/International\/wp-json\/wp\/v2\/categories?post=78816"},{"taxonomy":"post_tag","embeddable":true,"href":"https:\/\/linitiative.ca\/International\/wp-json\/wp\/v2\/tags?post=78816"}],"curies":[{"name":"wp","href":"https:\/\/api.w.org\/{rel}","templated":true}]}}