{"id":78817,"date":"2020-03-11T17:50:04","date_gmt":"2020-03-11T21:50:04","guid":{"rendered":"https:\/\/linitiative.ca\/International\/au-mali-le-tombeau-des-askia-patrimoine-mondial-va-etre-rehabilite\/"},"modified":"2020-03-11T17:50:04","modified_gmt":"2020-03-11T21:50:04","slug":"au-mali-le-tombeau-des-askia-patrimoine-mondial-va-etre-rehabilite","status":"publish","type":"post","link":"https:\/\/linitiative.ca\/International\/au-mali-le-tombeau-des-askia-patrimoine-mondial-va-etre-rehabilite\/","title":{"rendered":"Au Mali, le tombeau des Askia, patrimoine mondial, va \u00eatre r\u00e9habilit\u00e9"},"content":{"rendered":"<div readability=\"32\">\n<p>Publi\u00e9 le 11.03.2020 \u00e0 22h50 par AFP<\/p>\n<\/div>\n<div readability=\"98\">\n<p>Le tombeau des Askia \u00e0 Gao (nord-est), un des quatre sites au Mali inscrits au patrimoine de l\u2019Unesco, va \u00eatre r\u00e9habilit\u00e9, ont indiqu\u00e9 mercredi les autorit\u00e9s maliennes et une organisation de sauvegarde des monuments en zone de conflit.<\/p>\n<p>Le plan de r\u00e9habilitation, qui s\u2019\u00e9tend sur deux ans jusqu\u2019en 2022, doit permettre de sauvegarder \u00ab\u00a0un t\u00e9moignage spectaculaire de la richesse du patrimoine malien\u00a0\u00bb, a d\u00e9clar\u00e9 \u00e0 l\u2019AFP Valery Freland, directeur de l\u2019Aliph, organisation qui finance \u00e0 hauteur de 500.000 dollars le projet en collaboration avec l\u2019Etat malien.<\/p>\n<p>Le site du tombeau des Askias, construit en terre en 1495 par l\u2019empereur songhoy Askia Mohamed, comprend un tombeau pyramidal et une mosqu\u00e9e. Celle-ci, l\u2019une des plus grandes de la ville, est encore utilis\u00e9e par les habitants.<\/p>\n<p>Le site ne pr\u00e9sente pas de signe flagrant de d\u00e9gradation, mais le risque est structurel.<\/p>\n<p>\u00ab\u00a0Il faut restaurer certains piliers, notamment\u00a0\u00bb, a d\u00e9clar\u00e9 le directeur du patrimoine malien, Moulaye Coulibaly, lors d\u2019une visite sur place. A cela doit s\u2019ajouter une r\u00e9fection du mur d\u2019enceinte et de la mosqu\u00e9e attenante au tombeau, entre autres.<\/p>\n<p>Class\u00e9 au patrimoine mondial en 2004, le site a \u00e9t\u00e9 ajout\u00e9 en 2012 sur la liste du patrimoine en p\u00e9ril, en raison du conflit arm\u00e9 qui commen\u00e7ait alors \u00e0 affecter le Mali et qui se poursuit aujourd\u2019hui.<\/p>\n<p>Cette ann\u00e9e-l\u00e0, quand un groupe jihadiste avait occup\u00e9 Gao pendant dix mois, la population de la ville s\u2019\u00e9tait lev\u00e9e pour prot\u00e9ger ce patrimoine, l\u2019un des principaux h\u00e9ritages de la culture songhoy dont le peuple r\u00e9gna sur un large empire ouest-africain entre le 15e et le 16\u00e8me si\u00e8cles.<\/p>\n<p>\u00ab\u00a0Nous avons craint que les jihadistes fassent comme \u00e0 Tombouctou\u00a0\u00bb o\u00f9 ils avaient d\u00e9truit plusieurs mausol\u00e9es, explique Mahamane Hameye, membre de la soci\u00e9t\u00e9 civile et parmi les fondateurs du mouvement des \u00ab\u00a0Patriotes\u00a0\u00bb qui d\u00e9fendit le tombeau.<\/p>\n<p>La menace jihadiste s\u2019est \u00e9loign\u00e9e du fait de la pr\u00e9sence de forces maliennes, fran\u00e7aises et onusiennes.<\/p>\n<p>Cr\u00e9\u00e9e en 2017 sous l\u2019impulsion de la France, l\u2019Aliph est une organisation internationale de sauvegarde du patrimoine en zone de conflit. Huit pays en sont donateurs, parmi lesquels la France, les \u00c9mirats arabes unis et l\u2019Arabie saoudite.<\/p>\n<\/div>\n<p>Auteur: AFP<br \/>\n<a href=\"https:\/\/www.journalducameroun.com\/au-mali-le-tombeau-des-askia-patrimoine-mondial-va-etre-rehabilite\/\">Cliquez ici pour lire l&rsquo;article depuis sa source.<\/a><\/p>\n","protected":false},"excerpt":{"rendered":"<p>Publi\u00e9 le 11.03.2020 \u00e0 22h50 par AFP Le tombeau des Askia \u00e0 Gao (nord-est), un des quatre sites au Mali inscrits au patrimoine de l\u2019Unesco, va \u00eatre r\u00e9habilit\u00e9, ont indiqu\u00e9 mercredi les autorit\u00e9s maliennes et une organisation de sauvegarde des monuments en zone de conflit. Le plan de r\u00e9habilitation, qui s\u2019\u00e9tend sur deux ans jusqu\u2019en [&hellip;]<\/p>\n","protected":false},"author":1965,"featured_media":0,"comment_status":"closed","ping_status":"closed","sticky":false,"template":"","format":"standard","meta":{"fifu_image_url":"","fifu_image_alt":"","footnotes":""},"categories":[73,82],"tags":[],"class_list":["post-78817","post","type-post","status-publish","format-standard","hentry","category-actualite","category-cameroun"],"_links":{"self":[{"href":"https:\/\/linitiative.ca\/International\/wp-json\/wp\/v2\/posts\/78817","targetHints":{"allow":["GET"]}}],"collection":[{"href":"https:\/\/linitiative.ca\/International\/wp-json\/wp\/v2\/posts"}],"about":[{"href":"https:\/\/linitiative.ca\/International\/wp-json\/wp\/v2\/types\/post"}],"author":[{"embeddable":true,"href":"https:\/\/linitiative.ca\/International\/wp-json\/wp\/v2\/users\/1965"}],"replies":[{"embeddable":true,"href":"https:\/\/linitiative.ca\/International\/wp-json\/wp\/v2\/comments?post=78817"}],"version-history":[{"count":0,"href":"https:\/\/linitiative.ca\/International\/wp-json\/wp\/v2\/posts\/78817\/revisions"}],"wp:attachment":[{"href":"https:\/\/linitiative.ca\/International\/wp-json\/wp\/v2\/media?parent=78817"}],"wp:term":[{"taxonomy":"category","embeddable":true,"href":"https:\/\/linitiative.ca\/International\/wp-json\/wp\/v2\/categories?post=78817"},{"taxonomy":"post_tag","embeddable":true,"href":"https:\/\/linitiative.ca\/International\/wp-json\/wp\/v2\/tags?post=78817"}],"curies":[{"name":"wp","href":"https:\/\/api.w.org\/{rel}","templated":true}]}}