{"id":78818,"date":"2020-03-11T14:06:44","date_gmt":"2020-03-11T18:06:44","guid":{"rendered":"https:\/\/linitiative.ca\/International\/le-cameroun-desormais-actionnaire-de-laca\/"},"modified":"2020-03-11T14:06:44","modified_gmt":"2020-03-11T18:06:44","slug":"le-cameroun-desormais-actionnaire-de-laca","status":"publish","type":"post","link":"https:\/\/linitiative.ca\/International\/le-cameroun-desormais-actionnaire-de-laca\/","title":{"rendered":"Le Cameroun, d\u00e9sormais actionnaire de l\u2019ACA"},"content":{"rendered":"<p>Ladite convention de pr\u00eat a \u00e9t\u00e9 sign\u00e9e par le ministre de l\u2019\u00c9conomie, de la planification et de l\u2019am\u00e9nagement du territoire (Minepat), Alamine Ousmane Mey, et le chef de la repr\u00e9sentation r\u00e9gionale de la Banque Europ\u00e9enne d\u2019Investissement au Cameroun, Nikolaos Miliantis.<\/p>\n<p>Par ces actes, la BEI accorde un pr\u00eat de 7,4<em>\u00a0<\/em>milliards de FCFA au Cameroun pour la prise en charge de sa contribution au capital\/action de l\u2019Agence pour l\u2019assurance du commerce en Afrique (ACA). Cette derni\u00e8re est une organisation multilat\u00e9rale qui offre aux \u00c9tats africains qui en sont membres, des produits d\u2019assurance contre les risques d\u2019investissement et commerciaux. \u00ab\u00a0Ceci va permettre aux op\u00e9rateurs dans le cadre de la couverture de leurs op\u00e9rations d\u2019investissement, d\u2019avoir une couverture sur le risque commercial, le risque politique\u00a0\u00bb, a pr\u00e9cis\u00e9 Alamine Ousmane Mey.<\/p>\n<p>D\u00e9sormais, le Cameroun jouit de la posture d\u2019actionnaire au sein de cette agence. Un tel statut,\u00a0au-del\u00e0 d\u2019\u00eatre favorable \u00e0 l\u2019attraction des investisseurs, contribuera \u00e0 l\u2019am\u00e9lioration de l\u2019attractivit\u00e9\u00a0aupr\u00e8s du syst\u00e8me financier national et international. Les avantages prennent effet \u00e0 l\u2019imm\u00e9diat pour la partie camerounaise.<\/p>\n<p><a href=\"https:\/\/ecomatin.net\/la-bad-va-financer-la-troisieme-phase-du-programme-dappui-a-la-competitivite-et-la-croissance-economique-a-hauteur-de-5274-milliards-de-fcfa\/\"><strong>Lire aussi\u00a0: La BAD va financer la troisi\u00e8me phase du Programme d\u2019appui \u00e0 la comp\u00e9titivit\u00e9 et la croissance \u00e9conomique \u00e0 hauteur de 52,74 milliards de FCFA<\/strong><\/a><\/p>\n<p>Celle-ci\u00a0\u00ab va avoir acc\u00e8s \u00e0 de nouveaux instruments financiers qui n\u2019existaient pas avant sur le march\u00e9 camerounais. Avec ces instruments, les secteurs, priv\u00e9 et\u00a0public vont pouvoir mobiliser des financements pour des projets d\u2019investissement \u00e0 des conditions d\u2019endettement favorables\u00a0\u00bb, a relev\u00e9 Cyprien Sakubu, secr\u00e9taire g\u00e9n\u00e9ral de l\u2019ACA.<\/p>\n<p>Selon le Minepat, \u00ab\u00a0l\u2019ensemble des instruments que le Cameroun met en place vise \u00e0 am\u00e9liorer le climat des affaires, donner des instruments de rehaussement de la qualit\u00e9 du risque aupr\u00e8s de nos diff\u00e9rentes entreprises et faciliter la prise de risques par les op\u00e9rateurs tant \u00e0 l\u2019int\u00e9rieur qu\u2019\u00e0 l\u2019ext\u00e9rieur \u00bb. Les secteurs des \u00e9nergies renouvelables, des transports, de l\u2019exportation et de la construction sont les plus enclins \u00e0 b\u00e9n\u00e9ficier des retomb\u00e9es de ce nouvel outil.<\/p>\n<p>Comme l\u2019a expliqu\u00e9 Cyprien Sakubu, cette adh\u00e9sion du Cameroun est une aubaine pour l\u2019acc\u00e8s au cr\u00e9dit pour les entreprises, pour la mobilisation des financements par l\u2019\u00c9tat \u00e0 des conditions plus int\u00e9ressantes, au reprofilage de la dette du Cameroun dans le but de la rendre soutenable.<\/p>\n<div class=\"sharedaddy sd-sharing-enabled robots-nocontent sd-block sd-social sd-social-icon-text sd-sharing\">\n<h3 class=\"sd-title\">Partager\u00a0:<\/h3>\n<\/div>\n<p><h3 class=\"jp-relatedposts-headline\"><em>Articles similaires<\/em><\/h3>\n<\/p>\n<p>Auteur: Manuela Nomegne<br \/>\n<a href=\"https:\/\/ecomatin.net\/le-cameroun-desormais-actionnaire-de-laca\/\">Cliquez ici pour lire l&rsquo;article depuis sa source.<\/a><\/p>\n","protected":false},"excerpt":{"rendered":"<p>Ladite convention de pr\u00eat a \u00e9t\u00e9 sign\u00e9e par le ministre de l\u2019\u00c9conomie, de la planification et de l\u2019am\u00e9nagement du territoire (Minepat), Alamine Ousmane Mey, et le chef de la repr\u00e9sentation r\u00e9gionale de la Banque Europ\u00e9enne d\u2019Investissement au Cameroun, Nikolaos Miliantis. Par ces actes, la BEI accorde un pr\u00eat de 7,4\u00a0milliards de FCFA au Cameroun pour [&hellip;]<\/p>\n","protected":false},"author":1969,"featured_media":0,"comment_status":"closed","ping_status":"closed","sticky":false,"template":"","format":"standard","meta":{"fifu_image_url":"","fifu_image_alt":"","footnotes":""},"categories":[82,78],"tags":[],"class_list":["post-78818","post","type-post","status-publish","format-standard","hentry","category-cameroun","category-economie"],"_links":{"self":[{"href":"https:\/\/linitiative.ca\/International\/wp-json\/wp\/v2\/posts\/78818","targetHints":{"allow":["GET"]}}],"collection":[{"href":"https:\/\/linitiative.ca\/International\/wp-json\/wp\/v2\/posts"}],"about":[{"href":"https:\/\/linitiative.ca\/International\/wp-json\/wp\/v2\/types\/post"}],"author":[{"embeddable":true,"href":"https:\/\/linitiative.ca\/International\/wp-json\/wp\/v2\/users\/1969"}],"replies":[{"embeddable":true,"href":"https:\/\/linitiative.ca\/International\/wp-json\/wp\/v2\/comments?post=78818"}],"version-history":[{"count":0,"href":"https:\/\/linitiative.ca\/International\/wp-json\/wp\/v2\/posts\/78818\/revisions"}],"wp:attachment":[{"href":"https:\/\/linitiative.ca\/International\/wp-json\/wp\/v2\/media?parent=78818"}],"wp:term":[{"taxonomy":"category","embeddable":true,"href":"https:\/\/linitiative.ca\/International\/wp-json\/wp\/v2\/categories?post=78818"},{"taxonomy":"post_tag","embeddable":true,"href":"https:\/\/linitiative.ca\/International\/wp-json\/wp\/v2\/tags?post=78818"}],"curies":[{"name":"wp","href":"https:\/\/api.w.org\/{rel}","templated":true}]}}