{"id":78819,"date":"2020-03-11T14:38:06","date_gmt":"2020-03-11T18:38:06","guid":{"rendered":"https:\/\/linitiative.ca\/International\/yves-michel-fotso-pris-en-charge-par-letat\/"},"modified":"2020-03-11T14:38:06","modified_gmt":"2020-03-11T18:38:06","slug":"yves-michel-fotso-pris-en-charge-par-letat","status":"publish","type":"post","link":"https:\/\/linitiative.ca\/International\/yves-michel-fotso-pris-en-charge-par-letat\/","title":{"rendered":"Yves Michel Fotso pris en charge par l\u2019Etat"},"content":{"rendered":"<div class=\"featured-area featured-area-inner\" readability=\"8\"><img loading=\"lazy\" decoding=\"async\" width=\"297\" height=\"170\" src=\"https:\/\/i0.wp.com\/ecomatin.net\/wp-content\/uploads\/2020\/03\/yves-michel-Fotso-2.jpg?resize=297,170&amp;ssl=1&amp;is-pending-load=1\" class=\"attachment-jannah-image-post size-jannah-image-post wp-post-image jetpack-lazy-image\" alt=\"\" srcset=\"data:image\/gif;base64,R0lGODlhAQABAIAAAAAAAP\/\/\/yH5BAEAAAAALAAAAAABAAEAAAIBRAA7\"\/> Yves Michel Fotso, l&rsquo;ancien Adg de la Camair.<\/div>\n<div class=\"entry-content entry clearfix\" readability=\"52.4276457883\">\n<p>\u00abSur tr\u00e8s hautes instructions de Monsieur le Pr\u00e9sident de la R\u00e9publique, j\u2019ai l\u2019honneur de vous demander de bien vouloir mettre \u00e0 la disposition de l\u2019attach\u00e9 de D\u00e9fense pr\u00e8s l\u2019ambassade du Cameroun \u00e0 Rabat la somme de FCFA 89\u00a0917\u00a0374 (quatre-vingt-neuf millions neuf cent dix-sept-mille trois cent soixante-quatorze francs Cfa) au titre de l\u2019objet susmentionn\u00e9\u00bb. Telle est la teneur de la lettre adress\u00e9e le 16 janvier dernier au ministre des Finances, Louis Paul Motaze, par le ministre d\u2019Etat, Secr\u00e9taire g\u00e9n\u00e9ral de la Pr\u00e9sidence de la R\u00e9publique, Ferdinand Ngoh Ngoh. Le destinateur de la correspondance pr\u00e9cisait alors que ces fonds devaient \u00eatre utilis\u00e9s ainsi qu\u2019il suit: 17, 9 millions Fcfa pour l\u2019apurement de la dotation initiale\u00a0; 31, 3 millions pour le r\u00e8glement du reliquat des frais d\u2019hospitalisation, 40, 7 millions Fcfa de \u00abprovision pour couvrir les soins m\u00e9dicaux du patient sur une nouvelle p\u00e9riode de trois mois\u00bb.<\/p>\n<p>L\u2019ex-patron de la Camair, Yves Michel Fotso, qui purgeait deux peines de prison \u00e0 vie avait b\u00e9n\u00e9fici\u00e9 d\u2019une \u00e9vacuation sanitaire pour se faire soigner au Maroc le 19 aout 2019. Selon certaines sources, c\u2019est le pr\u00e9sident Paul Biya lui-m\u00eame qui avait instruit la restitution de son passeport et autoris\u00e9 son \u00e9vacuation, pour raisons sanitaires.<\/p>\n<div class=\"sharedaddy sd-sharing-enabled robots-nocontent sd-block sd-social sd-social-icon-text sd-sharing\">\n<h3 class=\"sd-title\">Partager\u00a0:<\/h3>\n<\/div>\n<p><h3 class=\"jp-relatedposts-headline\"><em>Articles similaires<\/em><\/h3>\n<\/p>\n<\/div>\n<div class=\"toggle-post-content clearfix\"><a id=\"toggle-post-button\" class=\"button\" href=\"#\">Afficher plus <\/a><\/div>\n<p>Auteur: Serges Bontsebe<br \/>\n<a href=\"https:\/\/ecomatin.net\/yves-michel-fotso-pris-en-charge-par-letat\/\">Cliquez ici pour lire l&rsquo;article depuis sa source.<\/a><\/p>\n","protected":false},"excerpt":{"rendered":"<p>Yves Michel Fotso, l&rsquo;ancien Adg de la Camair. \u00abSur tr\u00e8s hautes instructions de Monsieur le Pr\u00e9sident de la R\u00e9publique, j\u2019ai l\u2019honneur de vous demander de bien vouloir mettre \u00e0 la disposition de l\u2019attach\u00e9 de D\u00e9fense pr\u00e8s l\u2019ambassade du Cameroun \u00e0 Rabat la somme de FCFA 89\u00a0917\u00a0374 (quatre-vingt-neuf millions neuf cent dix-sept-mille trois cent soixante-quatorze francs [&hellip;]<\/p>\n","protected":false},"author":1969,"featured_media":0,"comment_status":"closed","ping_status":"closed","sticky":false,"template":"","format":"standard","meta":{"fifu_image_url":"","fifu_image_alt":"","footnotes":""},"categories":[82,78],"tags":[],"class_list":["post-78819","post","type-post","status-publish","format-standard","hentry","category-cameroun","category-economie"],"_links":{"self":[{"href":"https:\/\/linitiative.ca\/International\/wp-json\/wp\/v2\/posts\/78819","targetHints":{"allow":["GET"]}}],"collection":[{"href":"https:\/\/linitiative.ca\/International\/wp-json\/wp\/v2\/posts"}],"about":[{"href":"https:\/\/linitiative.ca\/International\/wp-json\/wp\/v2\/types\/post"}],"author":[{"embeddable":true,"href":"https:\/\/linitiative.ca\/International\/wp-json\/wp\/v2\/users\/1969"}],"replies":[{"embeddable":true,"href":"https:\/\/linitiative.ca\/International\/wp-json\/wp\/v2\/comments?post=78819"}],"version-history":[{"count":0,"href":"https:\/\/linitiative.ca\/International\/wp-json\/wp\/v2\/posts\/78819\/revisions"}],"wp:attachment":[{"href":"https:\/\/linitiative.ca\/International\/wp-json\/wp\/v2\/media?parent=78819"}],"wp:term":[{"taxonomy":"category","embeddable":true,"href":"https:\/\/linitiative.ca\/International\/wp-json\/wp\/v2\/categories?post=78819"},{"taxonomy":"post_tag","embeddable":true,"href":"https:\/\/linitiative.ca\/International\/wp-json\/wp\/v2\/tags?post=78819"}],"curies":[{"name":"wp","href":"https:\/\/api.w.org\/{rel}","templated":true}]}}