{"id":78821,"date":"2020-03-11T15:25:08","date_gmt":"2020-03-11T19:25:08","guid":{"rendered":"https:\/\/linitiative.ca\/International\/la-rtc-annonce-le-traitement-de-27-navires-en-fevrier-2020\/"},"modified":"2020-03-11T15:25:08","modified_gmt":"2020-03-11T19:25:08","slug":"la-rtc-annonce-le-traitement-de-27-navires-en-fevrier-2020","status":"publish","type":"post","link":"https:\/\/linitiative.ca\/International\/la-rtc-annonce-le-traitement-de-27-navires-en-fevrier-2020\/","title":{"rendered":"La RTC annonce le traitement de 27 navires en f\u00e9vrier 2020"},"content":{"rendered":"<div class=\"featured-area featured-area-inner\" readability=\"7\"><img loading=\"lazy\" decoding=\"async\" width=\"592\" height=\"296\" src=\"https:\/\/i0.wp.com\/ecomatin.net\/wp-content\/uploads\/2020\/03\/terminal-&#xE0;-conteneurs-du-port-de-douala.jpg?resize=592,296&amp;ssl=1&amp;is-pending-load=1\" class=\"attachment-jannah-image-post size-jannah-image-post wp-post-image jetpack-lazy-image\" alt=\"\" data-lazy-srcset=\"https:\/\/i0.wp.com\/ecomatin.net\/wp-content\/uploads\/2020\/03\/terminal-&#xE0;-conteneurs-du-port-de-douala.jpg?w=592&amp;ssl=1 592w, https:\/\/i0.wp.com\/ecomatin.net\/wp-content\/uploads\/2020\/03\/terminal-&#xE0;-conteneurs-du-port-de-douala.jpg?resize=300%2C150&amp;ssl=1 300w\" data-lazy-sizes=\"(max-width: 592px) 100vw, 592px\" srcset=\"data:image\/gif;base64,R0lGODlhAQABAIAAAAAAAP\/\/\/yH5BAEAAAAALAAAAAABAAEAAAIBRAA7\"\/> terminal \u00e0 conteneurs du Port autonome de Douala<\/div>\n<div class=\"entry-content entry clearfix\" readability=\"57.4462227913\">\n<p>Selon l\u2019autorit\u00e9 portuaire du port de Douala-Bonab\u00e9ri, son d\u00e9membrement qui g\u00e8re le terminal \u00e0 conteneurs a r\u00e9duit le temps d\u2019attente de navires porte-conteneurs.\u00a0\u00a0Au mois de f\u00e9vrier, la\u00a0 \u00a0(RTC) annonce le traitement de 27 navires porte-conteneurs, contre 23 navires trait\u00e9s \u00e0 la m\u00eame p\u00e9riode en 2019, par l\u2019ancien concessionnaire. L\u2019annonce est du directeur d\u00e9l\u00e9gu\u00e9 Faustin Dingana, qui s\u2019engage \u00e0 accro\u00eetre encore plus ses moyens, pour les livraisons et les r\u00e9ceptions des conteneurs dans de meilleures conditions.<\/p>\n<p>L\u2019\u00e9quipe de la RTC s\u2019engage \u00e0 \u0153uvrer pour le maintien de cette nouvelle dynamique. Toujours au mois de f\u00e9vrier, la RTC a enregistr\u00e9 une forte hausse des livraisons de conteneurs, avec pr\u00e8s de 10 000 conteneurs contre moins de 9 000 l\u2019ann\u00e9e derni\u00e8re. \u00ab L\u2019atteinte de ces objectifs de performances restera cependant tributaire des capacit\u00e9s logistiques des transitaires, importateurs et chargeurs, clients de la R\u00e9gie\u00a0\u00bb, promet le directeur d\u00e9l\u00e9gu\u00e9.<\/p>\n<p><a href=\"https:\/\/ecomatin.net\/le-pad-precise-les-premiers-chiffres-de-la-rtc\/\"><strong>Lire aussi\u00a0: Le PAD pr\u00e9cise les premiers chiffres de la RTC<\/strong><\/a><\/p>\n<p>Pour rappel, du 2 janvier au 1<sup>er<\/sup> f\u00e9vrier 2020, la RTC a manutentionn\u00e9 environ 34\u00a0000 conteneurs pour un chiffre d\u2019affaires de 4 060 000 000 FCFA contre 4,1 millions de FCFA r\u00e9alis\u00e9s par l\u2019ancien concessionnaire \u00e0 la m\u00eame p\u00e9riode de l\u2019ann\u00e9e derni\u00e8re. Cette l\u00e9g\u00e8re baisse s\u2019expliquait par la r\u00e9duction de 10% que la RTC accorde \u00e0 la manutention terre depuis le 1<sup>er<\/sup> janvier 2020.<\/p>\n<div class=\"sharedaddy sd-sharing-enabled robots-nocontent sd-block sd-social sd-social-icon-text sd-sharing\">\n<h3 class=\"sd-title\">Partager\u00a0:<\/h3>\n<\/div>\n<p><h3 class=\"jp-relatedposts-headline\"><em>Articles similaires<\/em><\/h3>\n<\/p>\n<\/div>\n<div class=\"toggle-post-content clearfix\"><a id=\"toggle-post-button\" class=\"button\" href=\"#\">Afficher plus <\/a><\/div>\n<p>Auteur: Manuela Nomegne<br \/>\n<a href=\"https:\/\/ecomatin.net\/la-rtc-annonce-le-traitement-de-27-navires-en-fevrier-2020\/\">Cliquez ici pour lire l&rsquo;article depuis sa source.<\/a><\/p>\n","protected":false},"excerpt":{"rendered":"<p>terminal \u00e0 conteneurs du Port autonome de Douala Selon l\u2019autorit\u00e9 portuaire du port de Douala-Bonab\u00e9ri, son d\u00e9membrement qui g\u00e8re le terminal \u00e0 conteneurs a r\u00e9duit le temps d\u2019attente de navires porte-conteneurs.\u00a0\u00a0Au mois de f\u00e9vrier, la\u00a0 \u00a0(RTC) annonce le traitement de 27 navires porte-conteneurs, contre 23 navires trait\u00e9s \u00e0 la m\u00eame p\u00e9riode en 2019, par l\u2019ancien [&hellip;]<\/p>\n","protected":false},"author":1969,"featured_media":0,"comment_status":"closed","ping_status":"closed","sticky":false,"template":"","format":"standard","meta":{"fifu_image_url":"","fifu_image_alt":"","footnotes":""},"categories":[82,78],"tags":[],"class_list":["post-78821","post","type-post","status-publish","format-standard","hentry","category-cameroun","category-economie"],"_links":{"self":[{"href":"https:\/\/linitiative.ca\/International\/wp-json\/wp\/v2\/posts\/78821","targetHints":{"allow":["GET"]}}],"collection":[{"href":"https:\/\/linitiative.ca\/International\/wp-json\/wp\/v2\/posts"}],"about":[{"href":"https:\/\/linitiative.ca\/International\/wp-json\/wp\/v2\/types\/post"}],"author":[{"embeddable":true,"href":"https:\/\/linitiative.ca\/International\/wp-json\/wp\/v2\/users\/1969"}],"replies":[{"embeddable":true,"href":"https:\/\/linitiative.ca\/International\/wp-json\/wp\/v2\/comments?post=78821"}],"version-history":[{"count":0,"href":"https:\/\/linitiative.ca\/International\/wp-json\/wp\/v2\/posts\/78821\/revisions"}],"wp:attachment":[{"href":"https:\/\/linitiative.ca\/International\/wp-json\/wp\/v2\/media?parent=78821"}],"wp:term":[{"taxonomy":"category","embeddable":true,"href":"https:\/\/linitiative.ca\/International\/wp-json\/wp\/v2\/categories?post=78821"},{"taxonomy":"post_tag","embeddable":true,"href":"https:\/\/linitiative.ca\/International\/wp-json\/wp\/v2\/tags?post=78821"}],"curies":[{"name":"wp","href":"https:\/\/api.w.org\/{rel}","templated":true}]}}