{"id":78823,"date":"2020-03-12T09:42:57","date_gmt":"2020-03-12T13:42:57","guid":{"rendered":"https:\/\/linitiative.ca\/International\/en-formes-on-forme-pour-celebrer-30-ans-de-lart-et-du-design\/"},"modified":"2020-03-12T09:42:57","modified_gmt":"2020-03-12T13:42:57","slug":"en-formes-on-forme-pour-celebrer-30-ans-de-lart-et-du-design","status":"publish","type":"post","link":"https:\/\/linitiative.ca\/International\/en-formes-on-forme-pour-celebrer-30-ans-de-lart-et-du-design\/","title":{"rendered":"\u00abEn formes, on forme\u00bb : Pour c\u00e9l\u00e9brer 30 ans de l\u2019art et du design"},"content":{"rendered":"<p><img decoding=\"async\" class=\"post_layout_5_img\" src=\"http:\/\/aujourdhui.ma\/wp-content\/uploads\/2020\/03\/Artistes-pe\u0301dagogues-ESBAC.jpg?x29840\" alt=\"&#xAB;En formes, on forme&#xBB; : Pour c&#xE9;l&#xE9;brer 30 ans de l&#x2019;art et du design\"\/><\/p>\n<p class=\"p1\"><span class=\"c5\"><strong><span class=\"c4\"><em>Des \u0153uvres cr\u00e9atives de 21 artistes p\u00e9dagogues\u00a0<\/em><em>\u00e0 l\u2019honneur \u00e0 l\u2019ESBAC<\/em><\/span><\/strong><\/span><span id=\"more-336483\"\/><\/p>\n<div class=\"base-box mom_box_sc_custom mom_box_sc clear c6\" readability=\"10\">\n<p class=\"p1\"><strong><span class=\"s1\"><em>A cette occasion, pendant dix jours, un mus\u00e9e temporaire prend vie dans cette \u00e9cole. Il va permettre aux f\u00e9rus d\u2019art de rencontrer les \u0153uvres et les artistes p\u00e9dagogues.<\/em><\/span><\/strong><\/p>\n<\/div>\n<p class=\"p1\"><span class=\"s1\">Pour la premi\u00e8re fois dans l\u2019histoire de l\u2019art au Maroc, l\u2019Ecole sup\u00e9rieure des beaux-arts (ESBAC) et la commune de Casablanca organisent jusqu\u2019au 14 mars 2020 une exposition collective autour de vingt et un artistes-enseignants issus de cet \u00e9tablissement historique. Cette ann\u00e9e, l\u2019\u00e9dition s\u2019intitule \u00abEn formes, on forme\u00bb pour c\u00e9l\u00e9brer 30 ans de l\u2019enseignement du design \u00e0 l\u2019ESBAC \u00e0 travers l\u2019exposition des \u0153uvres cr\u00e9atives de 21 artistes p\u00e9dagogues qui repr\u00e9sentent les trois fili\u00e8res : design graphique, art espace et design d\u2019int\u00e9rieur. <em>\u00abCette exposition-carrefour vise en effet \u00e0 confronter les exp\u00e9riences des professeurs-artistes de l\u2019ESBA \u00e0 travers des \u0153uvres plastiques choisies en vertu de leur int\u00e9r\u00eat \u00e0 la fois p\u00e9dagogique et esth\u00e9tique avant tout\u00bb,<\/em> indiquent \u00e0 ce sujet les organisateurs.<\/span><\/p>\n<p class=\"p1\"><span class=\"s1\">Ainsi parmi les participants on trouve Abdellah Bouidar, Abderrazzak Dounnajah, Younes Ettalbi, Abdelaziz Ouahid, Karim Sallahi, Mohcine Tarar (design graphique), Sabiha Kadmiri, Fouzia Guessous, Moussa Zekkani, Abderrahman Banana, Smail Bouanani, Ahmed Souali, Mustapha Chafik et autres. Alliant peinture, design d\u2019Objet, sculpture, photographie, installation, graphisme et films, cette exposition rassemble dans la m\u00eame galerie quatre g\u00e9n\u00e9rations d\u2019artistes enseignants \u00e0 90% issus et dipl\u00f4m\u00e9s de l\u2019Ecole des beaux-arts de Casablanca, ayant aff\u00fbt\u00e9 leurs armes artistiques et professionnelles soit au Maroc, en France, en Suisse ou ailleurs.<\/span><\/p>\n<p class=\"p1\"><span class=\"s1\"><em>\u00abLe hasard fait bien les choses, c\u00f4te \u00e0 c\u00f4te l\u2019ancien \u00e9tudiant c\u00f4toie son pr\u00e9d\u00e9cesseur professeur en exposant des travaux et des \u0153uvres divers. Une occasion idoine de se faire d\u00e9couvrir sans aucun pr\u00e9jug\u00e9 de valeur ni pr\u00e9tention. L\u2019enjeu est de confirmer encore une fois de plus le statut de l\u2019Ecole sup\u00e9rieure des beaux-arts de Casablanca en tant qu\u2019un chantier perp\u00e9tuel qui renferme des laboratoires de recherche, d\u2019exploration et de cr\u00e9ativit\u00e9 marqu\u00e9s par des cursus artistiques et professionnels de qualit\u00e9 dont l\u2019objectif majeur est d\u2019am\u00e9liorer davantage<span class=\"Apple-converted-space\">\u00a0<\/span> la qualit\u00e9 de la formation de futurs artistes, toutes disciplines et g\u00e9n\u00e9rations<span class=\"Apple-converted-space\">\u00a0<\/span> confondues, pour une bonne int\u00e9gration dans un milieu professionnel en pleine mutation\u00bb,<\/em> confie Said Guihia, enseignant, artiste designer et directeur de l\u2019ESBAC.<\/span><\/p>\n<p class=\"p1\"><span class=\"s1\">A cette occasion, pendant dix jours, un mus\u00e9e temporaire prend vie dans cette \u00e9cole. Il va permettre aux f\u00e9rus d\u2019art de rencontrer les \u0153uvres et les artistes p\u00e9dagogues, tout en initiant les \u00e9l\u00e8ves et les artistes en herbe \u00e0 la lecture des \u0153uvres sous ses diff\u00e9rents aspects et selon de nouvelles approches m\u00e9thodologiques.<\/span><\/p>\n<p class=\"p1\"><span class=\"s1\">Une fois de plus, \u00abEn formes, on forme\u00bb est une exposition de genre qui fait conna\u00eetre autrement la position de l\u2019artiste p\u00e9dagogue avec ses connotations les plus significatives qui se concentrent davantage sur le rapport interactif enseignant\/\u00e9tudiant. Une belle rencontre autour de l\u2019art et de son enseignement \u00e0 explorer jusqu\u2019au 14 mars courant.<\/span><\/p>\n<p>Auteur: ALM<br \/>\n<a href=\"http:\/\/aujourdhui.ma\/culture\/en-formes-on-forme-pour-celebrer-30-ans-de-lart-et-du-design\">Cliquez ici pour lire l&rsquo;article depuis sa source.<\/a><\/p>\n","protected":false},"excerpt":{"rendered":"<p>Des \u0153uvres cr\u00e9atives de 21 artistes p\u00e9dagogues\u00a0\u00e0 l\u2019honneur \u00e0 l\u2019ESBAC A cette occasion, pendant dix jours, un mus\u00e9e temporaire prend vie dans cette \u00e9cole. Il va permettre aux f\u00e9rus d\u2019art de rencontrer les \u0153uvres et les artistes p\u00e9dagogues. Pour la premi\u00e8re fois dans l\u2019histoire de l\u2019art au Maroc, l\u2019Ecole sup\u00e9rieure des beaux-arts (ESBAC) et la [&hellip;]<\/p>\n","protected":false},"author":1759,"featured_media":0,"comment_status":"closed","ping_status":"closed","sticky":false,"template":"","format":"standard","meta":{"fifu_image_url":"","fifu_image_alt":"","footnotes":""},"categories":[73,54],"tags":[],"class_list":["post-78823","post","type-post","status-publish","format-standard","hentry","category-actualite","category-maroc"],"_links":{"self":[{"href":"https:\/\/linitiative.ca\/International\/wp-json\/wp\/v2\/posts\/78823","targetHints":{"allow":["GET"]}}],"collection":[{"href":"https:\/\/linitiative.ca\/International\/wp-json\/wp\/v2\/posts"}],"about":[{"href":"https:\/\/linitiative.ca\/International\/wp-json\/wp\/v2\/types\/post"}],"author":[{"embeddable":true,"href":"https:\/\/linitiative.ca\/International\/wp-json\/wp\/v2\/users\/1759"}],"replies":[{"embeddable":true,"href":"https:\/\/linitiative.ca\/International\/wp-json\/wp\/v2\/comments?post=78823"}],"version-history":[{"count":0,"href":"https:\/\/linitiative.ca\/International\/wp-json\/wp\/v2\/posts\/78823\/revisions"}],"wp:attachment":[{"href":"https:\/\/linitiative.ca\/International\/wp-json\/wp\/v2\/media?parent=78823"}],"wp:term":[{"taxonomy":"category","embeddable":true,"href":"https:\/\/linitiative.ca\/International\/wp-json\/wp\/v2\/categories?post=78823"},{"taxonomy":"post_tag","embeddable":true,"href":"https:\/\/linitiative.ca\/International\/wp-json\/wp\/v2\/tags?post=78823"}],"curies":[{"name":"wp","href":"https:\/\/api.w.org\/{rel}","templated":true}]}}