{"id":78824,"date":"2020-03-12T10:05:22","date_gmt":"2020-03-12T14:05:22","guid":{"rendered":"https:\/\/linitiative.ca\/International\/meknes-un-sdf-tue-son-compagnon-de-beuverie\/"},"modified":"2020-03-12T10:05:22","modified_gmt":"2020-03-12T14:05:22","slug":"meknes-un-sdf-tue-son-compagnon-de-beuverie","status":"publish","type":"post","link":"https:\/\/linitiative.ca\/International\/meknes-un-sdf-tue-son-compagnon-de-beuverie\/","title":{"rendered":"Mekn\u00e8s : Un SDF tue son compagnon de beuverie"},"content":{"rendered":"<header>\n<\/header>\n<div class=\"entry-content clearfix\" readability=\"51\"><img decoding=\"async\" class=\"post_layout_5_img\" src=\"http:\/\/aujourdhui.ma\/wp-content\/uploads\/2020\/03\/SDF-Alcool.jpg?x29840\" alt=\"Mekn&#xE8;s : Un SDF tue son compagnon de beuverie\"\/><\/p>\n<p class=\"p1\"><span class=\"c4\"><strong>Un SDF de trente-trois ans qui a tu\u00e9 son ami lors d\u2019une soir\u00e9e bien arros\u00e9e au quartier Belkari, \u00e0 Mekn\u00e8s, a \u00e9t\u00e9 traduit, lundi dernier, devant le parquet g\u00e9n\u00e9ral pr\u00e8s la Cour d\u2019appel de la m\u00eame ville qui l\u2019a maintenu en d\u00e9tention pr\u00e9ventive.<\/strong><\/span> <span id=\"more-336501\"\/><\/p>\n<p class=\"p1\">En effet, c\u2019\u00e9tait le jeudi 5 mars quand le cadavre de la victime a \u00e9t\u00e9 d\u00e9couvert sur la sc\u00e8ne du crime. Les limiers de la police judiciaire relevant de la s\u00fbret\u00e9 de Mekn\u00e8s se sont d\u00e9p\u00each\u00e9s sur les lieux et ont entam\u00e9 les constats d\u2019usage et les investigations n\u00e9cessaires pour tirer l\u2019affaire au clair. Pas moins de vingt-quatre heures plus tard, le meurtrier a \u00e9t\u00e9 identifi\u00e9 et arr\u00eat\u00e9.<\/p>\n<p class=\"p1\">Soumis aux interrogatoires, il a avou\u00e9 son crime tout en expliquant qu\u2019ils s\u2019enivraient quand un malentendu a \u00e9clat\u00e9 entre eux. Apr\u00e8s un bref \u00e9change d\u2019injures, l\u2019auteur du crime qui \u00e9tait arm\u00e9 d\u2019un couteau a ass\u00e9n\u00e9 plusieurs coups \u00e0 son antagoniste avant de prendre la fuite.<\/p>\n<\/div>\n<p>Auteur: Abderrafii ALOUMLIKI<br \/>\n<a href=\"http:\/\/aujourdhui.ma\/faits-divers\/meknes-un-sdf-tue-son-compagnon-de-beuverie\">Cliquez ici pour lire l&rsquo;article depuis sa source.<\/a><\/p>\n","protected":false},"excerpt":{"rendered":"<p>Un SDF de trente-trois ans qui a tu\u00e9 son ami lors d\u2019une soir\u00e9e bien arros\u00e9e au quartier Belkari, \u00e0 Mekn\u00e8s, a \u00e9t\u00e9 traduit, lundi dernier, devant le parquet g\u00e9n\u00e9ral pr\u00e8s la Cour d\u2019appel de la m\u00eame ville qui l\u2019a maintenu en d\u00e9tention pr\u00e9ventive. En effet, c\u2019\u00e9tait le jeudi 5 mars quand le cadavre de la [&hellip;]<\/p>\n","protected":false},"author":1759,"featured_media":0,"comment_status":"closed","ping_status":"closed","sticky":false,"template":"","format":"standard","meta":{"fifu_image_url":"","fifu_image_alt":"","footnotes":""},"categories":[73,54],"tags":[],"class_list":["post-78824","post","type-post","status-publish","format-standard","hentry","category-actualite","category-maroc"],"_links":{"self":[{"href":"https:\/\/linitiative.ca\/International\/wp-json\/wp\/v2\/posts\/78824","targetHints":{"allow":["GET"]}}],"collection":[{"href":"https:\/\/linitiative.ca\/International\/wp-json\/wp\/v2\/posts"}],"about":[{"href":"https:\/\/linitiative.ca\/International\/wp-json\/wp\/v2\/types\/post"}],"author":[{"embeddable":true,"href":"https:\/\/linitiative.ca\/International\/wp-json\/wp\/v2\/users\/1759"}],"replies":[{"embeddable":true,"href":"https:\/\/linitiative.ca\/International\/wp-json\/wp\/v2\/comments?post=78824"}],"version-history":[{"count":0,"href":"https:\/\/linitiative.ca\/International\/wp-json\/wp\/v2\/posts\/78824\/revisions"}],"wp:attachment":[{"href":"https:\/\/linitiative.ca\/International\/wp-json\/wp\/v2\/media?parent=78824"}],"wp:term":[{"taxonomy":"category","embeddable":true,"href":"https:\/\/linitiative.ca\/International\/wp-json\/wp\/v2\/categories?post=78824"},{"taxonomy":"post_tag","embeddable":true,"href":"https:\/\/linitiative.ca\/International\/wp-json\/wp\/v2\/tags?post=78824"}],"curies":[{"name":"wp","href":"https:\/\/api.w.org\/{rel}","templated":true}]}}