{"id":78826,"date":"2020-03-12T11:02:52","date_gmt":"2020-03-12T15:02:52","guid":{"rendered":"https:\/\/linitiative.ca\/International\/coronavirus-plus-de-35-000-personnes-controlees-aux-frontieres\/"},"modified":"2020-03-12T11:02:52","modified_gmt":"2020-03-12T15:02:52","slug":"coronavirus-plus-de-35-000-personnes-controlees-aux-frontieres","status":"publish","type":"post","link":"https:\/\/linitiative.ca\/International\/coronavirus-plus-de-35-000-personnes-controlees-aux-frontieres\/","title":{"rendered":"Coronavirus : Plus de 35.000 personnes contr\u00f4l\u00e9es aux fronti\u00e8res"},"content":{"rendered":"<p><img decoding=\"async\" class=\"post_layout_5_img\" src=\"http:\/\/aujourdhui.ma\/wp-content\/uploads\/2020\/03\/Aeroport-Coronavirus.jpg?x29840\" alt=\"Coronavirus : Plus de 35.000 personnes contr&#xF4;l&#xE9;es aux fronti&#xE8;res\"\/><\/p>\n<p class=\"p1\"><span class=\"s1 c4\"><strong>Mesures prises pour faire face au coronavirus aux points de passage a\u00e9riens, maritimes et terrestres<\/strong><\/span> <span id=\"more-336519\"\/><\/p>\n<div class=\"base-box mom_box_sc_custom mom_box_sc clear c5\" readability=\"9\">\n<p class=\"p1\"><strong><span class=\"s1\"><em>En d\u00e9pit\u00a0<\/em><\/span><span class=\"s1\"><em>du nombre\u00a0<\/em><\/span><span class=\"s1\"><em>de personnes porteuses du virus \u00e0 l\u2019\u00e9chelle nationale,\u00a0<\/em><\/span><span class=\"s1\"><em>le Maroc fait toujours partie de\u00a0<\/em><\/span><span class=\"s1\"><em>ces pays o\u00f9 les cas import\u00e9s\u00a0<\/em><\/span><\/strong><span class=\"s1\"><em><strong>sont \u00abcirconscrits\u00bb.<\/strong><\/em><\/span><\/p>\n<\/div>\n<p class=\"p1\"><span class=\"s1\">Le minist\u00e8re de la sant\u00e9 dresse le bilan des actions de contr\u00f4le men\u00e9es au niveau de l\u2019ensemble des diff\u00e9rents postes-fronti\u00e8res nationaux. La situation au 8 mars d\u00e9montre que 35.000 personnes ont \u00e9t\u00e9 contr\u00f4l\u00e9es au niveau des points de passage a\u00e9riens, maritimes et terrestres du Maroc et ce, dans le cadre des mesures pr\u00e9ventives prises pour faire face au coronavirus par les autorit\u00e9s nationales. Il s\u2019agit en gros des voyageurs en provenance des r\u00e9gions et des pays touch\u00e9s par le Covid-19.<\/span><\/p>\n<p class=\"p1\"><span class=\"s1\">Le minist\u00e8re de la sant\u00e9, en partenariat avec l\u2019ensemble des intervenants, a resserr\u00e9 l\u2019\u00e9tau pour contourner cette situation sanitaire que l\u2019OMS qualifie d\u00e9sormais de \u00abpand\u00e9mie\u00bb. En d\u00e9pit du nombre de personnes porteuses du virus \u00e0 l\u2019\u00e9chelle nationale, le Maroc fait toujours partie de ces pays o\u00f9 les cas import\u00e9s sont \u00abcirconscrits\u00bb. C\u2019est ce que nous confirme dans un bref entretien t\u00e9l\u00e9phonique Dr Mohamed Moussif, m\u00e9decin en chef de l\u2019a\u00e9roport Mohammed V de Casablanca et membre du Groupe d\u2019\u00e9laboration des lignes directrices de l\u2019OMS ITH (voyages internationaux et sant\u00e9).<\/span><\/p>\n<p class=\"p1\"><span class=\"s1\">Principale porte du Maroc, l\u2019a\u00e9roport international Mohammed V a \u00e9t\u00e9 l\u2019une des premi\u00e8res infrastructures a\u00e9riennes \u00e0 \u00eatre dot\u00e9e d\u2019un dispositif de contr\u00f4le pointu portant, entre autres, sur l\u2019installation de cam\u00e9ras thermiques et de thermom\u00e8tres infrarouges ainsi que la distribution de fiches sanitaires \u00e0 remplir pour le suivi des voyageurs tout au long de la p\u00e9riode d\u2019incubation. Et pourtant, quelques cas \u00abminimes\u00bb ont \u00e9chapp\u00e9 aux radars des autorit\u00e9s sanitaires laissant les gens douter de l\u2019efficacit\u00e9 du dispositif engag\u00e9.<\/span><\/p>\n<p class=\"p1\"><span class=\"s1\">Le m\u00e9decin en chef de l\u2019a\u00e9roport Mohammed V explique la situation sur le terrain\u00a0: <em>\u00abLors du passage par l\u2019a\u00e9roport, on proc\u00e8de en premier \u00e0 la prise de temp\u00e9rature des passagers. Une mesure instantan\u00e9e qui peut r\u00e9v\u00e9ler \u00e0 l\u2019instant \u00abT\u00bb l\u2019absence de sympt\u00f4mes sans pour autant d\u00e9terminer si la personne est porteuse du virus ou non. G\u00e9n\u00e9ralement, la maladie peut ne pr\u00e9senter aucun signe durant la phase d\u2019incubation dont la dur\u00e9e varie d\u2019un virus \u00e0 un autre\u00bb<\/em>.<\/span><\/p>\n<p class=\"p1\"><span class=\"s1\">Pour un meilleur suivi, Dr Moussif pr\u00e9cise que les autorit\u00e9s sanitaires <em>\u00abse rattrapent par deux moyens\u00bb<\/em>. Il s\u2019agit en premier de distribuer des d\u00e9pliants d\u00e9taillant les sympt\u00f4mes du virus et dans lesquels est mentionn\u00e9 le num\u00e9ro vert mis en place par la tutelle. Le deuxi\u00e8me moyen d\u00e9ploy\u00e9 est la distribution de fiches sanitaires \u00e0 bord d\u2019avion et aux postes-fronti\u00e8res fournissant aux autorit\u00e9s marocaines des informations relatives au voyageur dont son nom complet, le pays de provenance, son lieu de r\u00e9sidence au Maroc, adresse \u00e9lectronique, ant\u00e9c\u00e9dents m\u00e9dicaux et \u00e9ventuel contact avec une personne d\u00e9clar\u00e9e \u00abpositive\u00bb avant son voyage.<\/span><\/p>\n<p class=\"p1\"><span class=\"s1\"><em>\u00abToutes ces personnes sont suivies au quotidien soit par t\u00e9l\u00e9phone ou par visite \u00e0 domicile pour d\u00e9celer les cas suspects\u00bb<\/em>, assure Dr Moussif. En parall\u00e8le \u00e0 ces mesures, la pr\u00e9vention et la sensibilisation restent un \u00e9l\u00e9ment cl\u00e9 pour lutter contre la propagation du Covid-19. <em>\u00abL\u2019\u00e9volution du virus est impr\u00e9visible. Certes, la limitation de la propagation est sujette \u00e0 la circulation des personnes infect\u00e9es, mais des gestes simples qui valent de l\u2019or sont \u00e0 prendre en consid\u00e9ration\u00bb<\/em>, souligne le praticien. La transmission du Covid-19, comme pour une grande partie des pathologies infectieuses, est manuport\u00e9e.<\/span><\/p>\n<p class=\"p1\"><span class=\"s1\">C\u2019est pourquoi les autorit\u00e9s insistent sur l\u2019hygi\u00e8ne des mains. Outre le lavage r\u00e9gulier des mains, il est recommand\u00e9 d\u2019arr\u00eater la propagation de germe en utilisant le coude ou mouchoirs lors de la toux et l\u2019\u00e9ternuement, d\u2019\u00e9viter les foules et le contact avec des personnes pr\u00e9sentant des sympt\u00f4mes semblables \u00e0 la grippe. Ce sont l\u00e0 quelques \u00e9tapes des 7 d\u00e9finies par l\u2019OMS pour r\u00e9duire le risque d\u2019infection au coronavirus. L\u2019organisation onusienne \u00e9tablit un suivi r\u00e9gulier de la situation sanitaire au niveau mondial et classe les pays touch\u00e9s selon 3 cat\u00e9gories.<\/span><\/p>\n<p class=\"p1\"><span class=\"s1\">La premi\u00e8re est relative aux pays dont les cas import\u00e9s sont circonscrits, c\u2019est-\u00e0-dire limit\u00e9s. La deuxi\u00e8me cat\u00e9gorie est celle des pays \u00e0 foyer organis\u00e9, soit ayant un lien direct avec l\u2019activit\u00e9 voyage au moment o\u00f9 la troisi\u00e8me correspond au foyer d\u00e9sorganis\u00e9, \u00e0 savoir la cha\u00eene de transmission du virus n\u2019est pas li\u00e9e au voyage. Face \u00e0 cette urgence internationale, l\u2019OMS r\u00e9it\u00e8re son appel aux pays de mettre en \u0153uvre des d\u00e9cisions factuelles et coh\u00e9rentes pour contenir cette maladie.<\/span><\/p>\n<p class=\"p1\"><span class=\"s1\">Bien que l\u2019OMS ne cesse de souligner l\u2019inutilit\u00e9 de mesures interf\u00e9rant avec le voyage et le commerce international, certains pays ont choisi de prendre des d\u00e9cisions qui pour certains sont \u00abexag\u00e9r\u00e9es\u00bb. Tel est le cas des \u00c9tats-Unis o\u00f9 Donald Trump a interdit l\u2019entr\u00e9e au territoire am\u00e9ricain pour les 30 prochains jours de toute personne ayant s\u00e9journ\u00e9 dans l\u2019espace Schengen au cours des 14 jours pr\u00e9c\u00e9dant leur arriv\u00e9e, \u00e0 l\u2019exception des Am\u00e9ricains et des r\u00e9sidents permanents. Une d\u00e9cision d\u00e9sapprouv\u00e9e cat\u00e9goriquement par l\u2019Union europ\u00e9enne qui consid\u00e8re le coronavirus comme une crise mondiale requ\u00e9rant une coop\u00e9ration internationale plut\u00f4t qu\u2019une d\u00e9cision unilat\u00e9rale.<\/span><\/p>\n<p>Auteur: Kawtar Tali<br \/>\n<a href=\"http:\/\/aujourdhui.ma\/societe\/coronavirus-plus-de-35-000-personnes-controlees-aux-frontieres\">Cliquez ici pour lire l&rsquo;article depuis sa source.<\/a><\/p>\n","protected":false},"excerpt":{"rendered":"<p>Mesures prises pour faire face au coronavirus aux points de passage a\u00e9riens, maritimes et terrestres En d\u00e9pit\u00a0du nombre\u00a0de personnes porteuses du virus \u00e0 l\u2019\u00e9chelle nationale,\u00a0le Maroc fait toujours partie de\u00a0ces pays o\u00f9 les cas import\u00e9s\u00a0sont \u00abcirconscrits\u00bb. Le minist\u00e8re de la sant\u00e9 dresse le bilan des actions de contr\u00f4le men\u00e9es au niveau de l\u2019ensemble des diff\u00e9rents [&hellip;]<\/p>\n","protected":false},"author":1759,"featured_media":0,"comment_status":"closed","ping_status":"closed","sticky":false,"template":"","format":"standard","meta":{"fifu_image_url":"","fifu_image_alt":"","footnotes":""},"categories":[73,54],"tags":[],"class_list":["post-78826","post","type-post","status-publish","format-standard","hentry","category-actualite","category-maroc"],"_links":{"self":[{"href":"https:\/\/linitiative.ca\/International\/wp-json\/wp\/v2\/posts\/78826","targetHints":{"allow":["GET"]}}],"collection":[{"href":"https:\/\/linitiative.ca\/International\/wp-json\/wp\/v2\/posts"}],"about":[{"href":"https:\/\/linitiative.ca\/International\/wp-json\/wp\/v2\/types\/post"}],"author":[{"embeddable":true,"href":"https:\/\/linitiative.ca\/International\/wp-json\/wp\/v2\/users\/1759"}],"replies":[{"embeddable":true,"href":"https:\/\/linitiative.ca\/International\/wp-json\/wp\/v2\/comments?post=78826"}],"version-history":[{"count":0,"href":"https:\/\/linitiative.ca\/International\/wp-json\/wp\/v2\/posts\/78826\/revisions"}],"wp:attachment":[{"href":"https:\/\/linitiative.ca\/International\/wp-json\/wp\/v2\/media?parent=78826"}],"wp:term":[{"taxonomy":"category","embeddable":true,"href":"https:\/\/linitiative.ca\/International\/wp-json\/wp\/v2\/categories?post=78826"},{"taxonomy":"post_tag","embeddable":true,"href":"https:\/\/linitiative.ca\/International\/wp-json\/wp\/v2\/tags?post=78826"}],"curies":[{"name":"wp","href":"https:\/\/api.w.org\/{rel}","templated":true}]}}