{"id":78827,"date":"2020-03-12T11:09:12","date_gmt":"2020-03-12T15:09:12","guid":{"rendered":"https:\/\/linitiative.ca\/International\/coronavirus-la-pandemie-est-maitrisable-selon-loms\/"},"modified":"2020-03-12T11:09:12","modified_gmt":"2020-03-12T15:09:12","slug":"coronavirus-la-pandemie-est-maitrisable-selon-loms","status":"publish","type":"post","link":"https:\/\/linitiative.ca\/International\/coronavirus-la-pandemie-est-maitrisable-selon-loms\/","title":{"rendered":"Coronavirus : La pand\u00e9mie est \u00abma\u00eetrisable\u00bb selon l\u2019OMS"},"content":{"rendered":"<p><img decoding=\"async\" class=\"post_layout_5_img\" src=\"http:\/\/aujourdhui.ma\/wp-content\/uploads\/2020\/03\/Coronavirus-1.jpg?x29840\" alt=\"Coronavirus : La pand&#xE9;mie est &#xAB;ma&#xEE;trisable&#xBB; selon l&#x2019;OMS\"\/><\/p>\n<p class=\"p1\"><span class=\"c5\"><strong><span class=\"c4\"><em>Au Maroc, 6 cas ont \u00e9t\u00e9 confirm\u00e9s jusqu\u2019au 12 mars<\/em><\/span><\/strong><\/span> <span id=\"more-336524\"\/><\/p>\n<p class=\"p1\"><span class=\"s1\">La pand\u00e9mie du nouveau coronavirus est \u00abma\u00eetrisable\u00bb, a affirm\u00e9 jeudi le patron de l\u2019Organisation mondiale de la sant\u00e9 (OMS). Tedros Adhanom Ghebreyesus a toutefois reconnu : <em>\u00abOn ne peut pas combattre un virus si on ne sait pas o\u00f9 il se trouve. Cela signifie qu\u2019il faut une surveillance robuste pour trouver, isoler, tester et traiter chaque cas, afin de briser les cha\u00eenes de transmission\u00bb<\/em>. Alarm\u00e9e par la propagation du coronavirus, la gravit\u00e9 des cas et l\u2019insuffisance des mesures prises par les gouvernements, l\u2019OMS avait qualifi\u00e9 le 11 mars l\u2019\u00e9pid\u00e9mie de coronavirus de pand\u00e9mie. <em>\u00abDans les jours et les semaines \u00e0 venir, nous nous attendons \u00e0 voir le nombre de cas, le nombre de d\u00e9c\u00e8s et le nombre de pays touch\u00e9s augmenter\u00bb<\/em>.<\/span><\/p>\n<p class=\"p1\"><span class=\"s1\">Le patron de l\u2019OMS a appel\u00e9 les pays \u00e0 agir pour \u00abcontenir\u00bb le coronavirus qui a fait plus de 4.600 morts et plus de 125.000 cas d\u2019infection dans le monde. Au Maroc, \u00e0 l\u2019heure o\u00f9 nous mettions sous presse, 6 cas de Covid-19 ont \u00e9t\u00e9 confirm\u00e9s. Le 6\u00e8me cas enregistr\u00e9 mercredi 11 mars est une ressortissante fran\u00e7aise d\u2019origine s\u00e9n\u00e9galaise \u00e2g\u00e9e de 64 ans souffrant d\u2019une maladie chronique. Elle est arriv\u00e9e \u00e0 F\u00e8s le jeudi 5 mars en provenance de France. Apr\u00e8s avoir pr\u00e9sent\u00e9 des sympt\u00f4mes respiratoires le samedi 7 mars, la patiente s\u2019est rendue dans l\u2019un des \u00e9tablissements hospitaliers o\u00f9 elle a \u00e9t\u00e9 prise en charge par un staff m\u00e9dical sp\u00e9cialis\u00e9 qui a soup\u00e7onn\u00e9 une contamination au coronavirus.<\/span><\/p>\n<p class=\"p1\"><span class=\"s1\">Les analyses effectu\u00e9es au laboratoire de l\u2019Institut Pasteur-Maroc se sont r\u00e9v\u00e9l\u00e9es positives et la patiente a \u00e9t\u00e9 prise en charge. Le minist\u00e8re de la sant\u00e9 a affirm\u00e9 que ses services prennent les dispositions n\u00e9cessaires \u00e0 l\u2019\u00e9gard de ce genre de cas conform\u00e9ment aux normes de sant\u00e9 nationales et internationales, de m\u00eame qu\u2019ils veillent \u00e0 identifier les cas contacts pour une \u00e9valuation de leur \u00e9ventuelle contamination. Par ailleurs, le minist\u00e8re a fait savoir que les deux laboratoires nationaux de r\u00e9f\u00e9rence du minist\u00e8re de la sant\u00e9, \u00e0 savoir l\u2019Institut national d\u2019hygi\u00e8ne et l\u2019Institut Pasteur-Maroc, et les laboratoires militaires ont \u00e9t\u00e9 dot\u00e9s d\u2019\u00e9quipements m\u00e9dicaux d\u2019analyses, et des ambulances \u00e9quip\u00e9es ont \u00e9t\u00e9 mobilis\u00e9es au niveau des points de passage et des unit\u00e9s d\u2019isolement sanitaire.<\/span><\/p>\n<p class=\"p1\"><span class=\"s1\">Le minist\u00e8re assure qu\u2019il a \u00e9galement \u00e9t\u00e9 proc\u00e9d\u00e9 \u00e0 la formation et \u00e0 la sensibilisation des professionnels de la sant\u00e9 sur la maladie et les m\u00e9thodes de diagnostic et de prise en charge d\u2019\u00e9ventuels cas, mais aussi sur les mesures de pr\u00e9vention de toute propagation du virus. En outre, deux r\u00e9unions de la Commission nationale d\u2019experts ont \u00e9t\u00e9 tenues afin de convenir des normes de diagnostic et de traitement. En mati\u00e8re de gouvernance et de coordination, le minist\u00e8re a mis l\u2019accent sur l\u2019activation d\u2019une commission centrale de coordination intersectorielle tout comme il veille \u00e0 une coordination continue avec les diff\u00e9rents intervenants \u00e0 travers un centre de pilotage centralis\u00e9 ainsi qu\u2019\u00e0 la promotion de la sensibilisation et de la communication via le num\u00e9ro vert \u00abAllo Yakada 0801004747\u00bb afin de mieux \u00e9clairer les citoyens sur le Covid-19. Jusqu\u2019au mardi 10 mars, des r\u00e9ponses ont \u00e9t\u00e9 apport\u00e9es \u00e0 4.823 appels sur cette ligne t\u00e9l\u00e9phonique.<\/span><\/p>\n<p>Auteur: Laila Zerrour<br \/>\n<a href=\"http:\/\/aujourdhui.ma\/societe\/coronavirus-la-pandemie-est-maitrisable-selon-loms\">Cliquez ici pour lire l&rsquo;article depuis sa source.<\/a><\/p>\n","protected":false},"excerpt":{"rendered":"<p>Au Maroc, 6 cas ont \u00e9t\u00e9 confirm\u00e9s jusqu\u2019au 12 mars La pand\u00e9mie du nouveau coronavirus est \u00abma\u00eetrisable\u00bb, a affirm\u00e9 jeudi le patron de l\u2019Organisation mondiale de la sant\u00e9 (OMS). Tedros Adhanom Ghebreyesus a toutefois reconnu : \u00abOn ne peut pas combattre un virus si on ne sait pas o\u00f9 il se trouve. Cela signifie qu\u2019il [&hellip;]<\/p>\n","protected":false},"author":1759,"featured_media":0,"comment_status":"closed","ping_status":"closed","sticky":false,"template":"","format":"standard","meta":{"fifu_image_url":"","fifu_image_alt":"","footnotes":""},"categories":[73,54],"tags":[],"class_list":["post-78827","post","type-post","status-publish","format-standard","hentry","category-actualite","category-maroc"],"_links":{"self":[{"href":"https:\/\/linitiative.ca\/International\/wp-json\/wp\/v2\/posts\/78827","targetHints":{"allow":["GET"]}}],"collection":[{"href":"https:\/\/linitiative.ca\/International\/wp-json\/wp\/v2\/posts"}],"about":[{"href":"https:\/\/linitiative.ca\/International\/wp-json\/wp\/v2\/types\/post"}],"author":[{"embeddable":true,"href":"https:\/\/linitiative.ca\/International\/wp-json\/wp\/v2\/users\/1759"}],"replies":[{"embeddable":true,"href":"https:\/\/linitiative.ca\/International\/wp-json\/wp\/v2\/comments?post=78827"}],"version-history":[{"count":0,"href":"https:\/\/linitiative.ca\/International\/wp-json\/wp\/v2\/posts\/78827\/revisions"}],"wp:attachment":[{"href":"https:\/\/linitiative.ca\/International\/wp-json\/wp\/v2\/media?parent=78827"}],"wp:term":[{"taxonomy":"category","embeddable":true,"href":"https:\/\/linitiative.ca\/International\/wp-json\/wp\/v2\/categories?post=78827"},{"taxonomy":"post_tag","embeddable":true,"href":"https:\/\/linitiative.ca\/International\/wp-json\/wp\/v2\/tags?post=78827"}],"curies":[{"name":"wp","href":"https:\/\/api.w.org\/{rel}","templated":true}]}}