{"id":78829,"date":"2020-03-12T07:16:17","date_gmt":"2020-03-12T11:16:17","guid":{"rendered":"https:\/\/linitiative.ca\/International\/le-spectre-du-coronavirus\/"},"modified":"2020-03-12T07:16:17","modified_gmt":"2020-03-12T11:16:17","slug":"le-spectre-du-coronavirus","status":"publish","type":"post","link":"https:\/\/linitiative.ca\/International\/le-spectre-du-coronavirus\/","title":{"rendered":"Le spectre du Coronavirus!"},"content":{"rendered":"<p class=\"has-text-color c2\"><strong>Depuis quelques temps, la pand\u00e9mie virale met la plan\u00e8te en \u00e9moi ascendant. Cette \u00e9pid\u00e9mie ne cesse de se r\u00e9pandre, \u00e0 une cadence de plus en plus \u00e9lev\u00e9e, dans nombre de contr\u00e9es, plus au moins touch\u00e9es.<\/strong><\/p>\n<p>De par les fluctuations qui marquent la mobilit\u00e9 intercontinentale, notre pays se verrait, d\u2019une mani\u00e8re in\u00e9luctable, fort contamin\u00e9 par le fl\u00e9au en question. Ainsi donc, l\u2019incidence directe sur l\u2019\u00e9conomie ne tarde pas \u00e0 se faire valoir, tant au niveau de la bourse que l\u2019\u00e9change, \u00e0 l\u2019\u00e9chelle mondiale. Certes, l\u2019ire est l\u00e0, au sein des d\u00e9cideurs comme des masses et chacun fait de son mieux pour endiguer le p\u00e9ril de la contagion. Mais aussi, l\u2019intox qui se glisse dans les fissures de l\u2019information pour tenter de cr\u00e9er un climat d\u2019instabilit\u00e9 et de torpeur.<\/p>\n<p>Conscients de la d\u00e9licatesse de la mission qui leur incombe, les pouvoirs publics, aussi bien s\u00e9curitaires que sanitaires, s\u2019attellent \u00e0 cette t\u00e2che avec cran et vigilance. Toutes les mesures de pr\u00e9caution sont prises, au temps requis afin de cerner chaque cas d\u00e9tect\u00e9, sans verser dans la panique ni minimiser la gravit\u00e9 de l\u2019\u00e9tat de propagation. Tout en louant, \u00e0 juste titre, cette approche \u00e9difiante et responsable de l\u2019Autorit\u00e9 marocaine, sous diverses formes, il importe de redoubler d\u2019effort \u00e0 plus d\u2019un titre, en vue de faire face \u00e0 ce danger, dans le m\u00eame esprit de haute qualit\u00e9 civique et circonspecte.<\/p>\n<p>De m\u00eame, la besogne informative visant, entre autres, la diffusion des messages p\u00e9dagogiques et sensibilisateurs \u00e0 cet \u00e9gard, est amen\u00e9e \u00e0 se red\u00e9ployer de plus belle, \u00e0 travers les supports \u00e0 port\u00e9e de main. Car, il convient de mettre la nation \u00e0 l\u2019abri de toute terreur collective dont profiteraient des nervis malveillants qui r\u00f4dent dans les eaux troubles. Il va sans dire que, pour le moment, notre pays n\u2019enregistre gu\u00e8re des taux alarmants. Les trois ou quatre cas en vue, sont ipso facto, ma\u00eetris\u00e9s et contr\u00f4l\u00e9s, dans les conditions les plus rassurantes par les services de sant\u00e9 dont les comp\u00e9tences ne sont plus \u00e0 d\u00e9montrer.<\/p>\n<p>Maintenant, les retomb\u00e9es qui en d\u00e9coulent, il ne fait donc pas de doute non plus, que l\u2019Etat est en mesure, en pareilles circonstances de prudence nationale, d\u2019entamer les d\u00e9marches \u00e0 mettre en avant, dans la s\u00e9r\u00e9nit\u00e9 et le calme n\u00e9cessaires. De par sa situation g\u00e9ographique pris\u00e9e, marqu\u00e9e de proximit\u00e9 et de transition sud-nord, l\u2019\u00e9veil est doublement de mise pour pr\u00e9server les populations de la conjoncture \u00e0 pr\u00e9sent plut\u00f4t \u00e9pid\u00e9mique, mais aussi se munir des pr\u00e9cautions pour immuniser le pays de toute d\u00e9rive.<\/p>\n<p>Auteur: M&rsquo;hammed rahal<br \/>\n<a href=\"http:\/\/albayane.press.ma\/le-spectre-du-coronavirus.html\">Cliquez ici pour lire l&rsquo;article depuis sa source.<\/a><\/p>\n","protected":false},"excerpt":{"rendered":"<p>Depuis quelques temps, la pand\u00e9mie virale met la plan\u00e8te en \u00e9moi ascendant. Cette \u00e9pid\u00e9mie ne cesse de se r\u00e9pandre, \u00e0 une cadence de plus en plus \u00e9lev\u00e9e, dans nombre de contr\u00e9es, plus au moins touch\u00e9es. De par les fluctuations qui marquent la mobilit\u00e9 intercontinentale, notre pays se verrait, d\u2019une mani\u00e8re in\u00e9luctable, fort contamin\u00e9 par le [&hellip;]<\/p>\n","protected":false},"author":1760,"featured_media":0,"comment_status":"closed","ping_status":"closed","sticky":false,"template":"","format":"standard","meta":{"fifu_image_url":"","fifu_image_alt":"","footnotes":""},"categories":[73,54],"tags":[],"class_list":["post-78829","post","type-post","status-publish","format-standard","hentry","category-actualite","category-maroc"],"_links":{"self":[{"href":"https:\/\/linitiative.ca\/International\/wp-json\/wp\/v2\/posts\/78829","targetHints":{"allow":["GET"]}}],"collection":[{"href":"https:\/\/linitiative.ca\/International\/wp-json\/wp\/v2\/posts"}],"about":[{"href":"https:\/\/linitiative.ca\/International\/wp-json\/wp\/v2\/types\/post"}],"author":[{"embeddable":true,"href":"https:\/\/linitiative.ca\/International\/wp-json\/wp\/v2\/users\/1760"}],"replies":[{"embeddable":true,"href":"https:\/\/linitiative.ca\/International\/wp-json\/wp\/v2\/comments?post=78829"}],"version-history":[{"count":0,"href":"https:\/\/linitiative.ca\/International\/wp-json\/wp\/v2\/posts\/78829\/revisions"}],"wp:attachment":[{"href":"https:\/\/linitiative.ca\/International\/wp-json\/wp\/v2\/media?parent=78829"}],"wp:term":[{"taxonomy":"category","embeddable":true,"href":"https:\/\/linitiative.ca\/International\/wp-json\/wp\/v2\/categories?post=78829"},{"taxonomy":"post_tag","embeddable":true,"href":"https:\/\/linitiative.ca\/International\/wp-json\/wp\/v2\/tags?post=78829"}],"curies":[{"name":"wp","href":"https:\/\/api.w.org\/{rel}","templated":true}]}}