{"id":78830,"date":"2020-03-12T07:22:40","date_gmt":"2020-03-12T11:22:40","guid":{"rendered":"https:\/\/linitiative.ca\/International\/le-nouveau-coronavirus-deteint-sur-leconomie-nationale\/"},"modified":"2020-03-12T07:22:40","modified_gmt":"2020-03-12T11:22:40","slug":"le-nouveau-coronavirus-deteint-sur-leconomie-nationale","status":"publish","type":"post","link":"https:\/\/linitiative.ca\/International\/le-nouveau-coronavirus-deteint-sur-leconomie-nationale\/","title":{"rendered":"Le nouveau coronavirus d\u00e9teint sur l\u2019\u00e9conomie nationale"},"content":{"rendered":"<p class=\"has-text-color c2\"><strong>Le nouveau coronavirus continue de faire des ravages dans le monde. A u Maroc, le nouveau bilan fait \u00e9tat de 5 contamin\u00e9s.<\/strong><\/p>\n<p>Pas plus tard que le mardi 10 mars, une troisi\u00e8me personne, un Fran\u00e7ais de 52 ans a \u00e9t\u00e9 d\u00e9pist\u00e9 positif au nouveau coronavirus. Mercredi 11 mars deux autres cas s\u2019ajoutent \u00e0 cette liste, il s\u2019agit de son \u00e9pouse et de son fils. Ces touristes parisiens sont arriv\u00e9s samedi dernier \u00e0 l\u2019a\u00e9roport de Marrakech M\u00e9nara.<\/p>\n<p>Apr\u00e8s la d\u00e9couverte de ces nouveaux cas, Mohamed Lyoubi, directeur du d\u00e9partement d\u2019\u00e9pid\u00e9miologie au minist\u00e8re de la Sant\u00e9, a d\u00e9clar\u00e9 que le nombre de personnes actuellement sous contr\u00f4le sanitaire sont pr\u00e8s de 300.<\/p>\n<p>Sur le plan \u00e9conomique et pour anticiper les r\u00e9percussions \u00e9conomiques directes et indirectes de la\u00a0 crise sanitaire du COVID 19 sur l\u2019\u00e9conomie nationale, le gouvernement a mis en place un Comit\u00e9 de Veille Economique (CVE), annonce un communiqu\u00e9 diffus\u00e9 ce mercredi 11 mars.<\/p>\n<p>\u00abCe comit\u00e9 est charg\u00e9 d\u2019une part, de suivre de pr\u00e8s l\u2019\u00e9volution de la situation \u00e9conomique \u00e0 travers des m\u00e9canismes rigoureux de suivi et d\u2019\u00e9valuation et, d\u2019autre part, d\u2019identifier les mesures appropri\u00e9es en termes d\u2019accompagnement des secteurs impact\u00e9s\u00a0\u00bb.<\/p>\n<p>De son c\u00f4t\u00e9, \u00a0le Haut commissaire au Plan Ahmed Lahlimi, cit\u00e9 par Reuters et Bloomberg, \u00a0a affirm\u00e9 que la croissance \u00e9conomique du Maroc devrait \u00eatre r\u00e9vis\u00e9e \u00e0 la baisse \u00e0 pr\u00e8s de 2,2 % en 2020, contre 3,5% pr\u00e9vu initialement, en raison de la s\u00e9cheresse qui a r\u00e9duit la production agricole et la baisse des arriv\u00e9es touristiques, en raison de la pand\u00e9mie du nouveau coronavirus.<\/p>\n<p class=\"c3\"><strong>Karim Ben Amar<\/strong><\/p>\n<p>Auteur: M&rsquo;hammed rahal<br \/>\n<a href=\"http:\/\/albayane.press.ma\/le-nouveau-coronavirus-deteint-sur-leconomie-nationale.html\">Cliquez ici pour lire l&rsquo;article depuis sa source.<\/a><\/p>\n","protected":false},"excerpt":{"rendered":"<p>Le nouveau coronavirus continue de faire des ravages dans le monde. A u Maroc, le nouveau bilan fait \u00e9tat de 5 contamin\u00e9s. Pas plus tard que le mardi 10 mars, une troisi\u00e8me personne, un Fran\u00e7ais de 52 ans a \u00e9t\u00e9 d\u00e9pist\u00e9 positif au nouveau coronavirus. Mercredi 11 mars deux autres cas s\u2019ajoutent \u00e0 cette liste, [&hellip;]<\/p>\n","protected":false},"author":1760,"featured_media":0,"comment_status":"closed","ping_status":"closed","sticky":false,"template":"","format":"standard","meta":{"fifu_image_url":"","fifu_image_alt":"","footnotes":""},"categories":[73,54],"tags":[],"class_list":["post-78830","post","type-post","status-publish","format-standard","hentry","category-actualite","category-maroc"],"_links":{"self":[{"href":"https:\/\/linitiative.ca\/International\/wp-json\/wp\/v2\/posts\/78830","targetHints":{"allow":["GET"]}}],"collection":[{"href":"https:\/\/linitiative.ca\/International\/wp-json\/wp\/v2\/posts"}],"about":[{"href":"https:\/\/linitiative.ca\/International\/wp-json\/wp\/v2\/types\/post"}],"author":[{"embeddable":true,"href":"https:\/\/linitiative.ca\/International\/wp-json\/wp\/v2\/users\/1760"}],"replies":[{"embeddable":true,"href":"https:\/\/linitiative.ca\/International\/wp-json\/wp\/v2\/comments?post=78830"}],"version-history":[{"count":0,"href":"https:\/\/linitiative.ca\/International\/wp-json\/wp\/v2\/posts\/78830\/revisions"}],"wp:attachment":[{"href":"https:\/\/linitiative.ca\/International\/wp-json\/wp\/v2\/media?parent=78830"}],"wp:term":[{"taxonomy":"category","embeddable":true,"href":"https:\/\/linitiative.ca\/International\/wp-json\/wp\/v2\/categories?post=78830"},{"taxonomy":"post_tag","embeddable":true,"href":"https:\/\/linitiative.ca\/International\/wp-json\/wp\/v2\/tags?post=78830"}],"curies":[{"name":"wp","href":"https:\/\/api.w.org\/{rel}","templated":true}]}}