{"id":78834,"date":"2020-03-12T09:23:06","date_gmt":"2020-03-12T13:23:06","guid":{"rendered":"https:\/\/linitiative.ca\/International\/pour-cause-de-pandemie-report-du-forum-de-carthage-dassurance-et-de-reassurance\/"},"modified":"2020-03-12T09:23:06","modified_gmt":"2020-03-12T13:23:06","slug":"pour-cause-de-pandemie-report-du-forum-de-carthage-dassurance-et-de-reassurance","status":"publish","type":"post","link":"https:\/\/linitiative.ca\/International\/pour-cause-de-pandemie-report-du-forum-de-carthage-dassurance-et-de-reassurance\/","title":{"rendered":"Pour cause de pand\u00e9mie : Report du Forum de Carthage d\u2019Assurance et de R\u00e9assurance"},"content":{"rendered":"<p>La 15\u00e8me \u00e9dition du Forum de Carthage d\u2019Assurance et de R\u00e9assurance programm\u00e9e les 22, 23 et 24 mars 2020 \u00e0 Tunis sous le th\u00e8me \u00ab l\u2019assurance face aux d\u00e9fis num\u00e9riques et l\u00e9gislatifs \u00bb a \u00e9t\u00e9 report\u00e9e \u00e0 une date ult\u00e9rieure, a fait savoir, jeudi, le directeur ex\u00e9cutif de la F\u00e9d\u00e9ration tunisienne des soci\u00e9t\u00e9s d\u2019assurance (FTUSA) Kamel Chibani.<\/p>\n<p>Il a indiqu\u00e9 que le report de cet \u00e9v\u00e8nement, initi\u00e9 par la FTUSA, est du \u00e0 l\u2019apparition du Covid-19 et vient en concr\u00e9tisation des recommandations du minist\u00e8re de la Sant\u00e9 qui appelle au report des rencontres et manifestations. D\u2019o\u00f9, a-t-il dit, la d\u00e9cision de la commission d\u2019organisation du Forum de Carthage d\u2019Assurance et de R\u00e9assurance de reporter ce conclave \u00e0 une date ult\u00e9rieure.<\/p>\n<p>Chibani a \u00e9galement fait remarquer que des conf\u00e9renciers de pays o\u00f9 le Covid-19 est en expansion, tels que la France et l\u2019Egypte devaient prendre part au dit forum, en plus de la pr\u00e9sence de plus de 500 participants.<\/p>\n<div class=\"wp-post-author-wrap wp-post-author-shortcode left\">\n<h3 class=\"awpa-title\"\/>\n<div class=\"wp-post-author\">\n<div class=\"awpa-img awpa-author-block square\"><a href=\"http:\/\/lexpertjournal.net\/fr\/?author=5\"><img loading=\"lazy\" decoding=\"async\" alt=\"\" src=\"http:\/\/0.gravatar.com\/avatar\/97f8e10a1c1125ba104a76514ee07b16?s=150&amp;d=mm&amp;r=g\" srcset=\"http:\/\/0.gravatar.com\/avatar\/97f8e10a1c1125ba104a76514ee07b16?s=300&amp;d=mm&amp;r=g 2x\" class=\"avatar avatar-150 photo\" height=\"150\" width=\"150\"\/><\/a><\/div>\n<\/div>\n<\/div>\n<aside class=\"mashsb-container mashsb-main mashsb-stretched\">\n<\/aside>\n<p>Auteur: L&rsquo;expert<br \/>\n<a href=\"http:\/\/lexpertjournal.net\/fr\/?p=13004\">Cliquez ici pour lire l&rsquo;article depuis sa source.<\/a><\/p>\n","protected":false},"excerpt":{"rendered":"<p>La 15\u00e8me \u00e9dition du Forum de Carthage d\u2019Assurance et de R\u00e9assurance programm\u00e9e les 22, 23 et 24 mars 2020 \u00e0 Tunis sous le th\u00e8me \u00ab l\u2019assurance face aux d\u00e9fis num\u00e9riques et l\u00e9gislatifs \u00bb a \u00e9t\u00e9 report\u00e9e \u00e0 une date ult\u00e9rieure, a fait savoir, jeudi, le directeur ex\u00e9cutif de la F\u00e9d\u00e9ration tunisienne des soci\u00e9t\u00e9s d\u2019assurance (FTUSA) [&hellip;]<\/p>\n","protected":false},"author":1775,"featured_media":0,"comment_status":"closed","ping_status":"closed","sticky":false,"template":"","format":"standard","meta":{"fifu_image_url":"","fifu_image_alt":"","footnotes":""},"categories":[78,55],"tags":[],"class_list":["post-78834","post","type-post","status-publish","format-standard","hentry","category-economie","category-tunisie"],"_links":{"self":[{"href":"https:\/\/linitiative.ca\/International\/wp-json\/wp\/v2\/posts\/78834","targetHints":{"allow":["GET"]}}],"collection":[{"href":"https:\/\/linitiative.ca\/International\/wp-json\/wp\/v2\/posts"}],"about":[{"href":"https:\/\/linitiative.ca\/International\/wp-json\/wp\/v2\/types\/post"}],"author":[{"embeddable":true,"href":"https:\/\/linitiative.ca\/International\/wp-json\/wp\/v2\/users\/1775"}],"replies":[{"embeddable":true,"href":"https:\/\/linitiative.ca\/International\/wp-json\/wp\/v2\/comments?post=78834"}],"version-history":[{"count":0,"href":"https:\/\/linitiative.ca\/International\/wp-json\/wp\/v2\/posts\/78834\/revisions"}],"wp:attachment":[{"href":"https:\/\/linitiative.ca\/International\/wp-json\/wp\/v2\/media?parent=78834"}],"wp:term":[{"taxonomy":"category","embeddable":true,"href":"https:\/\/linitiative.ca\/International\/wp-json\/wp\/v2\/categories?post=78834"},{"taxonomy":"post_tag","embeddable":true,"href":"https:\/\/linitiative.ca\/International\/wp-json\/wp\/v2\/tags?post=78834"}],"curies":[{"name":"wp","href":"https:\/\/api.w.org\/{rel}","templated":true}]}}