{"id":78835,"date":"2020-03-12T09:24:39","date_gmt":"2020-03-12T13:24:39","guid":{"rendered":"https:\/\/linitiative.ca\/International\/lutte-contre-le-coronavirus-mobilisation-dune-enveloppe-de-12-millions-de-dinars\/"},"modified":"2020-03-12T09:24:39","modified_gmt":"2020-03-12T13:24:39","slug":"lutte-contre-le-coronavirus-mobilisation-dune-enveloppe-de-12-millions-de-dinars","status":"publish","type":"post","link":"https:\/\/linitiative.ca\/International\/lutte-contre-le-coronavirus-mobilisation-dune-enveloppe-de-12-millions-de-dinars\/","title":{"rendered":"Lutte contre le Coronavirus : Mobilisation d\u2019une enveloppe de 12 millions de dinars"},"content":{"rendered":"<p>Le gouvernement a mobilis\u00e9 des fonds d\u2019une valeur de 12 millions de dinars dans le cadre d\u2019un plan national visant \u00e0 lutter contre le Coronavirus, a indiqu\u00e9 mercredi, Nissaf Ben Alaya, directrice de l\u2019Observatoire national des maladies nouvelles et \u00e9mergentes.<\/p>\n<p>Elle a expliqu\u00e9 que les d\u00e9penses du minist\u00e8re de la Sant\u00e9 dans le cadre de la mise en \u0153uvre du plan en question, ont atteint, jusqu\u2019\u00e0 l\u2019heure actuelle, 4 millions de dinars, pr\u00e9cisant que ces financements ont \u00e9t\u00e9 allou\u00e9s \u00e0 l\u2019acquisition d\u2019\u00e9quipements m\u00e9dicaux et de mat\u00e9riel sanitaire pour lutter contre le virus.<\/p>\n<p>Elle a soulign\u00e9 que la Pr\u00e9sidence du gouvernement assure une coordination instantan\u00e9e avec le d\u00e9partement de la Sant\u00e9, dans le cadre du suivi de l\u2019application de la strat\u00e9gie nationale de lutte contre le Coronavirus.<\/p>\n<p>Elle a r\u00e9v\u00e9l\u00e9 dans ce contexte que le nombre de personnes qui ont \u00e9t\u00e9 plac\u00e9es en auto-isolement, avoisine les 3000 personnes, rappelant la n\u00e9cessit\u00e9 de se conformer aux r\u00e8gles d\u2019hygi\u00e8ne pour se pr\u00e9munir contre la propagation du virus.<\/p>\n<div class=\"wp-post-author-wrap wp-post-author-shortcode left\">\n<h3 class=\"awpa-title\"\/>\n<div class=\"wp-post-author\">\n<div class=\"awpa-img awpa-author-block square\"><a href=\"http:\/\/lexpertjournal.net\/fr\/?author=5\"><img loading=\"lazy\" decoding=\"async\" alt=\"\" src=\"http:\/\/0.gravatar.com\/avatar\/97f8e10a1c1125ba104a76514ee07b16?s=150&amp;d=mm&amp;r=g\" srcset=\"http:\/\/0.gravatar.com\/avatar\/97f8e10a1c1125ba104a76514ee07b16?s=300&amp;d=mm&amp;r=g 2x\" class=\"avatar avatar-150 photo\" height=\"150\" width=\"150\"\/><\/a><\/div>\n<\/div>\n<\/div>\n<aside class=\"mashsb-container mashsb-main mashsb-stretched\">\n<\/aside>\n<p>Auteur: L&rsquo;expert<br \/>\n<a href=\"http:\/\/lexpertjournal.net\/fr\/?p=13007\">Cliquez ici pour lire l&rsquo;article depuis sa source.<\/a><\/p>\n","protected":false},"excerpt":{"rendered":"<p>Le gouvernement a mobilis\u00e9 des fonds d\u2019une valeur de 12 millions de dinars dans le cadre d\u2019un plan national visant \u00e0 lutter contre le Coronavirus, a indiqu\u00e9 mercredi, Nissaf Ben Alaya, directrice de l\u2019Observatoire national des maladies nouvelles et \u00e9mergentes. Elle a expliqu\u00e9 que les d\u00e9penses du minist\u00e8re de la Sant\u00e9 dans le cadre de [&hellip;]<\/p>\n","protected":false},"author":1775,"featured_media":0,"comment_status":"closed","ping_status":"closed","sticky":false,"template":"","format":"standard","meta":{"fifu_image_url":"","fifu_image_alt":"","footnotes":""},"categories":[78,55],"tags":[],"class_list":["post-78835","post","type-post","status-publish","format-standard","hentry","category-economie","category-tunisie"],"_links":{"self":[{"href":"https:\/\/linitiative.ca\/International\/wp-json\/wp\/v2\/posts\/78835","targetHints":{"allow":["GET"]}}],"collection":[{"href":"https:\/\/linitiative.ca\/International\/wp-json\/wp\/v2\/posts"}],"about":[{"href":"https:\/\/linitiative.ca\/International\/wp-json\/wp\/v2\/types\/post"}],"author":[{"embeddable":true,"href":"https:\/\/linitiative.ca\/International\/wp-json\/wp\/v2\/users\/1775"}],"replies":[{"embeddable":true,"href":"https:\/\/linitiative.ca\/International\/wp-json\/wp\/v2\/comments?post=78835"}],"version-history":[{"count":0,"href":"https:\/\/linitiative.ca\/International\/wp-json\/wp\/v2\/posts\/78835\/revisions"}],"wp:attachment":[{"href":"https:\/\/linitiative.ca\/International\/wp-json\/wp\/v2\/media?parent=78835"}],"wp:term":[{"taxonomy":"category","embeddable":true,"href":"https:\/\/linitiative.ca\/International\/wp-json\/wp\/v2\/categories?post=78835"},{"taxonomy":"post_tag","embeddable":true,"href":"https:\/\/linitiative.ca\/International\/wp-json\/wp\/v2\/tags?post=78835"}],"curies":[{"name":"wp","href":"https:\/\/api.w.org\/{rel}","templated":true}]}}