{"id":78836,"date":"2020-03-12T09:25:54","date_gmt":"2020-03-12T13:25:54","guid":{"rendered":"https:\/\/linitiative.ca\/International\/depuis-decembre-dernier-3248-voyageurs-places-en-quarantaine\/"},"modified":"2020-03-12T09:25:54","modified_gmt":"2020-03-12T13:25:54","slug":"depuis-decembre-dernier-3248-voyageurs-places-en-quarantaine","status":"publish","type":"post","link":"https:\/\/linitiative.ca\/International\/depuis-decembre-dernier-3248-voyageurs-places-en-quarantaine\/","title":{"rendered":"Depuis d\u00e9cembre dernier :  3248 voyageurs plac\u00e9s en quarantaine"},"content":{"rendered":"<p>La pr\u00e9sidente de l\u2019observatoire nationale des maladies nouvelles et \u00e9mergentes Nissaf Ben Alaya a r\u00e9v\u00e9l\u00e9, mercredi, que le minist\u00e8re a, depuis l\u2019apparition du Coronavirus \u00e0 Wuhan (La Chine) en d\u00e9cembre 2019, plac\u00e9 3248 voyageurs, en provenances des pays les plus touch\u00e9s par l\u2019\u00e9pid\u00e9mie, en quarantaine. Selon Elle, 1040 d\u2019entre eux ont quitt\u00e9 la Tunisie avant la fin de la p\u00e9riode de suivi et 2208 sont encore sous surveillance.<\/p>\n<p>Lors d\u2019une s\u00e9ance d\u2019audition du ministre de la sant\u00e9 par la commission de la sant\u00e9 et des affaires sociales \u00e0 l\u2019Assembl\u00e9e des Repr\u00e9sentants du Peuple (ARP), Ben Alaya a affirm\u00e9 que le minist\u00e8re suit de pr\u00e8s l\u2019\u00e9volution de cette \u00e9pid\u00e9mie qui a touch\u00e9 114 203 personnes et caus\u00e9 le d\u00e9c\u00e8s de 4020 autres dans le monde jusqu\u2019au 10 mars.<\/p>\n<p>Ben Alaya a rappel\u00e9 que le minist\u00e8re a activ\u00e9, depuis le 24 janvier courant, la commission nationale permanente pour le suivi de la propagation du Coronavirus regroupant notamment des repr\u00e9sentants des minist\u00e8res concern\u00e9s (minist\u00e8res des Affaires \u00e9trang\u00e8res, du Transport, des Finances, du Tourisme, de la D\u00e9fense nationale, de l\u2019Int\u00e9rieur, de l\u2019Agriculture et de l\u2019Education).<\/p>\n<p>Ben Alaya a affirm\u00e9 que la commission tient des r\u00e9unions r\u00e9guli\u00e8res au si\u00e8ge du minist\u00e8re de la sant\u00e9.<\/p>\n<p>Rappelons que la Tunisie a enregistr\u00e9 jusqu\u2019au 11 mars 2020, 7 cas de contraction du coronavirus.<\/p>\n<div class=\"wp-post-author-wrap wp-post-author-shortcode left\">\n<h3 class=\"awpa-title\"\/>\n<div class=\"wp-post-author\">\n<div class=\"awpa-img awpa-author-block square\"><a href=\"http:\/\/lexpertjournal.net\/fr\/?author=5\"><img loading=\"lazy\" decoding=\"async\" alt=\"\" src=\"http:\/\/0.gravatar.com\/avatar\/97f8e10a1c1125ba104a76514ee07b16?s=150&amp;d=mm&amp;r=g\" srcset=\"http:\/\/0.gravatar.com\/avatar\/97f8e10a1c1125ba104a76514ee07b16?s=300&amp;d=mm&amp;r=g 2x\" class=\"avatar avatar-150 photo\" height=\"150\" width=\"150\"\/><\/a><\/div>\n<\/div>\n<\/div>\n<aside class=\"mashsb-container mashsb-main mashsb-stretched\">\n<\/aside>\n<p>Auteur: L&rsquo;expert<br \/>\n<a href=\"http:\/\/lexpertjournal.net\/fr\/?p=13010\">Cliquez ici pour lire l&rsquo;article depuis sa source.<\/a><\/p>\n","protected":false},"excerpt":{"rendered":"<p>La pr\u00e9sidente de l\u2019observatoire nationale des maladies nouvelles et \u00e9mergentes Nissaf Ben Alaya a r\u00e9v\u00e9l\u00e9, mercredi, que le minist\u00e8re a, depuis l\u2019apparition du Coronavirus \u00e0 Wuhan (La Chine) en d\u00e9cembre 2019, plac\u00e9 3248 voyageurs, en provenances des pays les plus touch\u00e9s par l\u2019\u00e9pid\u00e9mie, en quarantaine. Selon Elle, 1040 d\u2019entre eux ont quitt\u00e9 la Tunisie avant [&hellip;]<\/p>\n","protected":false},"author":1775,"featured_media":0,"comment_status":"closed","ping_status":"closed","sticky":false,"template":"","format":"standard","meta":{"fifu_image_url":"","fifu_image_alt":"","footnotes":""},"categories":[78,55],"tags":[],"class_list":["post-78836","post","type-post","status-publish","format-standard","hentry","category-economie","category-tunisie"],"_links":{"self":[{"href":"https:\/\/linitiative.ca\/International\/wp-json\/wp\/v2\/posts\/78836","targetHints":{"allow":["GET"]}}],"collection":[{"href":"https:\/\/linitiative.ca\/International\/wp-json\/wp\/v2\/posts"}],"about":[{"href":"https:\/\/linitiative.ca\/International\/wp-json\/wp\/v2\/types\/post"}],"author":[{"embeddable":true,"href":"https:\/\/linitiative.ca\/International\/wp-json\/wp\/v2\/users\/1775"}],"replies":[{"embeddable":true,"href":"https:\/\/linitiative.ca\/International\/wp-json\/wp\/v2\/comments?post=78836"}],"version-history":[{"count":0,"href":"https:\/\/linitiative.ca\/International\/wp-json\/wp\/v2\/posts\/78836\/revisions"}],"wp:attachment":[{"href":"https:\/\/linitiative.ca\/International\/wp-json\/wp\/v2\/media?parent=78836"}],"wp:term":[{"taxonomy":"category","embeddable":true,"href":"https:\/\/linitiative.ca\/International\/wp-json\/wp\/v2\/categories?post=78836"},{"taxonomy":"post_tag","embeddable":true,"href":"https:\/\/linitiative.ca\/International\/wp-json\/wp\/v2\/tags?post=78836"}],"curies":[{"name":"wp","href":"https:\/\/api.w.org\/{rel}","templated":true}]}}