{"id":78837,"date":"2020-03-12T09:27:39","date_gmt":"2020-03-12T13:27:39","guid":{"rendered":"https:\/\/linitiative.ca\/International\/transport-suspension-de-la-greve-des-voitures-louage\/"},"modified":"2020-03-12T09:27:39","modified_gmt":"2020-03-12T13:27:39","slug":"transport-suspension-de-la-greve-des-voitures-louage","status":"publish","type":"post","link":"https:\/\/linitiative.ca\/International\/transport-suspension-de-la-greve-des-voitures-louage\/","title":{"rendered":"Transport : Suspension de la gr\u00e8ve des voitures \u00ab louage \u00bb"},"content":{"rendered":"<p>Les propri\u00e9taires de voitures \u00bb louage \u00bb ont suspendu, mercredi \u00e0 16h, leur gr\u00e8ve dans toutes les stations du pays. \u00ab Cette d\u00e9cision a \u00e9t\u00e9 prise afin de pr\u00e9server l\u2019int\u00e9r\u00eat des citoyen, et surtout les \u00e9l\u00e8ves, les \u00e9tudiants et les enseignants \u00ab , explique un communiqu\u00e9 de la chambre syndicale nationale des propri\u00e9taires de voitures \u00ab louage \u00bb.<\/p>\n<p>Et de rappeler que le gouvernement a pris la d\u00e9cision d\u2019avancer les vacances de printemps \u00e0 jeudi 12 mars 2020, pour se pr\u00e9munir contre la propagation du coronavirus.<\/p>\n<p>\u00ab Malgr\u00e9 le manque d\u2019int\u00e9r\u00eat des autorit\u00e9s comp\u00e9tentes envers les probl\u00e8mes du secteur, nous avons impos\u00e9 \u00e0 nos adh\u00e9rents le retour au travail afin d\u2019assurer le transportant des citoyens en cette conjoncture sp\u00e9ciale \u00bb , souligne encore la chambre, appelant ses adh\u00e9rents \u00e0 s\u2019acquitter de leur devoir dans les meilleurs conditions.<\/p>\n<p>Pour rappel, la chambre syndicale nationale des propri\u00e9taires de voitures \u00bb louage \u00ab , relevant de l\u2019UTICA, a justifi\u00e9 sa d\u00e9cision d\u2019observer une gr\u00e8ve, mercredi, par le non-aboutissement \u00e0 une solution au probl\u00e8me de l\u2019augmentation exag\u00e9r\u00e9e des tarifs de l\u2019assurance et au blocage de certaines dispositions de la convention du 7 avril 2019.<\/p>\n<div class=\"wp-post-author-wrap wp-post-author-shortcode left\">\n<h3 class=\"awpa-title\"\/>\n<div class=\"wp-post-author\">\n<div class=\"awpa-img awpa-author-block square\"><a href=\"http:\/\/lexpertjournal.net\/fr\/?author=5\"><img loading=\"lazy\" decoding=\"async\" alt=\"\" src=\"http:\/\/0.gravatar.com\/avatar\/97f8e10a1c1125ba104a76514ee07b16?s=150&amp;d=mm&amp;r=g\" srcset=\"http:\/\/0.gravatar.com\/avatar\/97f8e10a1c1125ba104a76514ee07b16?s=300&amp;d=mm&amp;r=g 2x\" class=\"avatar avatar-150 photo\" height=\"150\" width=\"150\"\/><\/a><\/div>\n<\/div>\n<\/div>\n<aside class=\"mashsb-container mashsb-main mashsb-stretched\">\n<\/aside>\n<p>Auteur: L&rsquo;expert<br \/>\n<a href=\"http:\/\/lexpertjournal.net\/fr\/?p=13013\">Cliquez ici pour lire l&rsquo;article depuis sa source.<\/a><\/p>\n","protected":false},"excerpt":{"rendered":"<p>Les propri\u00e9taires de voitures \u00bb louage \u00bb ont suspendu, mercredi \u00e0 16h, leur gr\u00e8ve dans toutes les stations du pays. \u00ab Cette d\u00e9cision a \u00e9t\u00e9 prise afin de pr\u00e9server l\u2019int\u00e9r\u00eat des citoyen, et surtout les \u00e9l\u00e8ves, les \u00e9tudiants et les enseignants \u00ab , explique un communiqu\u00e9 de la chambre syndicale nationale des propri\u00e9taires de voitures [&hellip;]<\/p>\n","protected":false},"author":1775,"featured_media":0,"comment_status":"closed","ping_status":"closed","sticky":false,"template":"","format":"standard","meta":{"fifu_image_url":"","fifu_image_alt":"","footnotes":""},"categories":[78,55],"tags":[],"class_list":["post-78837","post","type-post","status-publish","format-standard","hentry","category-economie","category-tunisie"],"_links":{"self":[{"href":"https:\/\/linitiative.ca\/International\/wp-json\/wp\/v2\/posts\/78837","targetHints":{"allow":["GET"]}}],"collection":[{"href":"https:\/\/linitiative.ca\/International\/wp-json\/wp\/v2\/posts"}],"about":[{"href":"https:\/\/linitiative.ca\/International\/wp-json\/wp\/v2\/types\/post"}],"author":[{"embeddable":true,"href":"https:\/\/linitiative.ca\/International\/wp-json\/wp\/v2\/users\/1775"}],"replies":[{"embeddable":true,"href":"https:\/\/linitiative.ca\/International\/wp-json\/wp\/v2\/comments?post=78837"}],"version-history":[{"count":0,"href":"https:\/\/linitiative.ca\/International\/wp-json\/wp\/v2\/posts\/78837\/revisions"}],"wp:attachment":[{"href":"https:\/\/linitiative.ca\/International\/wp-json\/wp\/v2\/media?parent=78837"}],"wp:term":[{"taxonomy":"category","embeddable":true,"href":"https:\/\/linitiative.ca\/International\/wp-json\/wp\/v2\/categories?post=78837"},{"taxonomy":"post_tag","embeddable":true,"href":"https:\/\/linitiative.ca\/International\/wp-json\/wp\/v2\/tags?post=78837"}],"curies":[{"name":"wp","href":"https:\/\/api.w.org\/{rel}","templated":true}]}}