{"id":78838,"date":"2020-03-12T09:29:24","date_gmt":"2020-03-12T13:29:24","guid":{"rendered":"https:\/\/linitiative.ca\/International\/avec-deux-semaines-de-plus-prolongation-de-la-periode-des-soldes-dhiver\/"},"modified":"2020-03-12T09:29:24","modified_gmt":"2020-03-12T13:29:24","slug":"avec-deux-semaines-de-plus-prolongation-de-la-periode-des-soldes-dhiver","status":"publish","type":"post","link":"https:\/\/linitiative.ca\/International\/avec-deux-semaines-de-plus-prolongation-de-la-periode-des-soldes-dhiver\/","title":{"rendered":"Avec deux semaines de plus : Prolongation de la p\u00e9riode des soldes d\u2019hiver"},"content":{"rendered":"<p>La p\u00e9riode des soldes d\u2019hiver sera prolong\u00e9e de deux semaines suppl\u00e9mentaires, pour se poursuivre jusqu\u2019\u00e0 fin mars courant, a annonc\u00e9, jeudi, la Chambre syndicale du commerce des tissus et du pr\u00eat-\u00e0-porter.<\/p>\n<p>La Chambre qui rel\u00e8ve de l\u2019UTICA, a inform\u00e9 tous les commer\u00e7ants de la d\u00e9cision de prolongation, prise en coordination avec le minist\u00e8re du Commerce, dans l\u2019objectif de dynamiser l\u2019activit\u00e9 commerciale dans les diff\u00e9rents gouvernorats, notamment ceux du grand Tunis, soutenir le pouvoir d\u2019achat du citoyen et ma\u00eetriser les prix.<\/p>\n<p>Les soldes d\u2019hiver ont d\u00e9but\u00e9 le 1er f\u00e9vrier 2020.<\/p>\n<div class=\"wp-post-author-wrap wp-post-author-shortcode left\">\n<h3 class=\"awpa-title\"\/>\n<div class=\"wp-post-author\">\n<div class=\"awpa-img awpa-author-block square\"><a href=\"http:\/\/lexpertjournal.net\/fr\/?author=5\"><img loading=\"lazy\" decoding=\"async\" alt=\"\" src=\"http:\/\/0.gravatar.com\/avatar\/97f8e10a1c1125ba104a76514ee07b16?s=150&amp;d=mm&amp;r=g\" srcset=\"http:\/\/0.gravatar.com\/avatar\/97f8e10a1c1125ba104a76514ee07b16?s=300&amp;d=mm&amp;r=g 2x\" class=\"avatar avatar-150 photo\" height=\"150\" width=\"150\"\/><\/a><\/div>\n<\/div>\n<\/div>\n<aside class=\"mashsb-container mashsb-main mashsb-stretched\">\n<\/aside>\n<p>Auteur: L&rsquo;expert<br \/>\n<a href=\"http:\/\/lexpertjournal.net\/fr\/?p=13016\">Cliquez ici pour lire l&rsquo;article depuis sa source.<\/a><\/p>\n","protected":false},"excerpt":{"rendered":"<p>La p\u00e9riode des soldes d\u2019hiver sera prolong\u00e9e de deux semaines suppl\u00e9mentaires, pour se poursuivre jusqu\u2019\u00e0 fin mars courant, a annonc\u00e9, jeudi, la Chambre syndicale du commerce des tissus et du pr\u00eat-\u00e0-porter. La Chambre qui rel\u00e8ve de l\u2019UTICA, a inform\u00e9 tous les commer\u00e7ants de la d\u00e9cision de prolongation, prise en coordination avec le minist\u00e8re du Commerce, [&hellip;]<\/p>\n","protected":false},"author":1775,"featured_media":0,"comment_status":"closed","ping_status":"closed","sticky":false,"template":"","format":"standard","meta":{"fifu_image_url":"","fifu_image_alt":"","footnotes":""},"categories":[78,55],"tags":[],"class_list":["post-78838","post","type-post","status-publish","format-standard","hentry","category-economie","category-tunisie"],"_links":{"self":[{"href":"https:\/\/linitiative.ca\/International\/wp-json\/wp\/v2\/posts\/78838","targetHints":{"allow":["GET"]}}],"collection":[{"href":"https:\/\/linitiative.ca\/International\/wp-json\/wp\/v2\/posts"}],"about":[{"href":"https:\/\/linitiative.ca\/International\/wp-json\/wp\/v2\/types\/post"}],"author":[{"embeddable":true,"href":"https:\/\/linitiative.ca\/International\/wp-json\/wp\/v2\/users\/1775"}],"replies":[{"embeddable":true,"href":"https:\/\/linitiative.ca\/International\/wp-json\/wp\/v2\/comments?post=78838"}],"version-history":[{"count":0,"href":"https:\/\/linitiative.ca\/International\/wp-json\/wp\/v2\/posts\/78838\/revisions"}],"wp:attachment":[{"href":"https:\/\/linitiative.ca\/International\/wp-json\/wp\/v2\/media?parent=78838"}],"wp:term":[{"taxonomy":"category","embeddable":true,"href":"https:\/\/linitiative.ca\/International\/wp-json\/wp\/v2\/categories?post=78838"},{"taxonomy":"post_tag","embeddable":true,"href":"https:\/\/linitiative.ca\/International\/wp-json\/wp\/v2\/tags?post=78838"}],"curies":[{"name":"wp","href":"https:\/\/api.w.org\/{rel}","templated":true}]}}