{"id":78839,"date":"2020-03-12T13:04:02","date_gmt":"2020-03-12T17:04:02","guid":{"rendered":"https:\/\/linitiative.ca\/International\/el-tarf-lenvironnement-dans-deux-toiles-de-zahia-kaci-une-eleve-du-pere-de-lart-pictural-algerien-issiakhem\/"},"modified":"2020-03-12T13:04:02","modified_gmt":"2020-03-12T17:04:02","slug":"el-tarf-lenvironnement-dans-deux-toiles-de-zahia-kaci-une-eleve-du-pere-de-lart-pictural-algerien-issiakhem","status":"publish","type":"post","link":"https:\/\/linitiative.ca\/International\/el-tarf-lenvironnement-dans-deux-toiles-de-zahia-kaci-une-eleve-du-pere-de-lart-pictural-algerien-issiakhem\/","title":{"rendered":"El Tarf : \u00ab\u00a0L\u2019environnement\u00a0\u00bb dans deux toiles de Zahia Kaci, une \u00e9l\u00e8ve du p\u00e8re de l\u2019art pictural alg\u00e9rien Issiakhem"},"content":{"rendered":"<div readability=\"37\">\n<p><strong>EL TARF- L\u2019artiste peintre Zahia Kaci, une \u00e9l\u00e8ve du p\u00e8re de l\u2019art pictural alg\u00e9rien M\u2019Hamed Issiakhem, a propos\u00e9 aux visiteurs de la wilaya d\u2019El Tarf deux toiles d\u00e9di\u00e9es au th\u00e8me de l\u2019environnement \u00e0\u00a0l\u2019occasion de sa participation \u00e0 la deuxi\u00e8me \u00e9dition des arts plastiques dont la cl\u00f4ture est pr\u00e9vue mercredi en fin d&rsquo;apr\u00e8s-midi.<\/strong><\/p>\n<\/div>\n<div readability=\"136\">\n<p>Expos\u00e9es depuis dimanche dernier au niveau de la biblioth\u00e8que de lecture publique Louise Fran\u00e7oise dite Belkacem Mabrouka, les deux \u0153uvres de la plasticienne, venue de la wilaya d\u2019Alger, touchent \u00e0 un th\u00e8me d\u2019actualit\u00e9, \u00e0 savoir, a-t-elle confi\u00e9 \u00e0 l\u2019APS, \u00ab\u00a0le pr\u00e9judice caus\u00e9 au patrimoine forestier, souvent cible d\u2019incendies dus \u00e0 l\u2019inconscience des uns et \u00e0 l\u2019incivisme de certains autres\u00a0\u00bb.<\/p>\n<p>La symbolique fortement repr\u00e9sent\u00e9e par deux feux, allum\u00e9s par des quidams, et qui finiront par constituer le d\u00e9part d\u2019un feu de for\u00eat dont les cons\u00e9quences n\u00e9fastes seront ressenties sur la faune et la flore, est d\u2019ailleurs bien perceptible dans les deux toiles.<\/p>\n<p>\u00ab\u00a0Attirer l\u2019attention du citoyen en usant d\u2019un langage artistique \u00e0 la port\u00e9e des \u00e2mes sensibles afin que tout un chacun contribue \u00e0 la sauvegarde de ce patrimoine naturel, tel est le but recherch\u00e9 \u00e0 travers ces deux toiles\u00a0\u00bb, a expliqu\u00e9 l&rsquo;artiste peintre qui a, par ailleurs, affirm\u00e9 s\u2019inspirer, dans la r\u00e9alisation de ses \u0153uvres, aussi bien des \u00e9v\u00e9nements ayant marqu\u00e9 le pays que des sc\u00e8nes du quotidien.<\/p>\n<p>Aussi, a-t-elle confi\u00e9, \u00ab\u00a0peindre permet de partager ses ressentis, d\u2019ext\u00e9rioriser ses \u00e9tats d\u2019\u00e2mes face \u00e0 la vie et \u00e0 ses multiples facettes\u00a0\u00bb, tout en rendant hommage \u00e0 son ma\u00eetre Issiakhem dont elle \u00e9voque le souvenir avec une infinie admiration et beaucoup d&rsquo;\u00e9gards.<\/p>\n<blockquote readability=\"13\">\n<p><em><strong>Sensible \u00e0 tout ce qui l\u2019\u00e9meut et \u00e9branle sa sensibilit\u00e9, cette artiste peintre, dipl\u00f4m\u00e9e de l\u2019\u00e9cole des beaux-arts en 1968, confie avoir ainsi peint sa premi\u00e8re toile \u00ab\u00a0La m\u00e8re et l\u2019enfant\u00a0\u00bb en 1959, alors qu\u2019elle \u00e9tait \u00e9l\u00e8ve d\u2019Issiakhem, inspir\u00e9e d\u2019une sc\u00e8ne tir\u00e9e depuis son domicile parental.<\/strong><\/em><\/p>\n<\/blockquote>\n<p>Depuis, un parcours pictural jalonn\u00e9 de succ\u00e8s a permis \u00e0 cette artiste qui jouit d\u2019une exp\u00e9rience de plus de 50 ans dans le domaine, de repr\u00e9senter l&rsquo;Alg\u00e9rie dans plusieurs expositions, nationale et internationale, dont la plus r\u00e9cente a eu lieu aux Etats Unis en f\u00e9vrier dernier.<\/p>\n<p>Zahia Kaci a soutenu que sa participation \u00e0 la 2\u00e8me \u00e9dition des plasticiennes, \u00e0 l\u2019occasion de la c\u00e9l\u00e9bration de la Journ\u00e9e internationale de la femme, co\u00efncidant avec le 08 mars de chaque ann\u00e9e, constitue un moment de partage entre femmes artistes venant de divers horizons. C&rsquo;est aussi une opportunit\u00e9 pour proposer au public des \u0153uvres r\u00e9alis\u00e9es, en exploitant une palette tr\u00e8s riche et diversifi\u00e9e, en s&rsquo;inspirant de toutes les techniques et \u00e9coles confondues.<\/p>\n<blockquote readability=\"13\">\n<p><em><strong>\u00ab\u00a0L\u2019artiste, sous l\u2019emprise de son art, peint pour son plaisir car cette activit\u00e9 ne fait pas vivre\u00a0\u00bb, a-t-elle soulign\u00e9, d\u00e9plorant le manque, voire l&rsquo;absence, d&rsquo;un march\u00e9 d\u00e9di\u00e9 aux \u0153uvres d\u2019art en Alg\u00e9rie.<\/strong><\/em><\/p>\n<\/blockquote>\n<p>Le m\u00eame avis est partag\u00e9 par plusieurs artistes plasticiennes, venues de 11 wilayas du pays exposer leurs toiles et prendre part \u00e0 des ateliers d\u2019initiation de dessin au profit d\u2019\u00e9coliers.<\/p>\n<p>Parmi les tableaux expos\u00e9s, figurent celles des artistes Fouzia Menaouar d\u2019Oran consacr\u00e9e \u00e0 la m\u00e8re, Nafaa Nadjiba de Jijel \u00e0 la femme berb\u00e8re, Nora Labaci d\u2019El Tarf avec l\u2019artisanat et les bijoux en argent et Zahia Dehal d\u2019Annaba, avec des tableaux captivants.<\/p>\n<blockquote readability=\"21\">\n<p><em><strong>Organis\u00e9e par la direction locale de la culture, en coordination avec le palais de la culture, la deuxi\u00e8me \u00e9dition des arts plastiques a r\u00e9uni, selon le directeur local de la culture,\u00a0 Adel Safi, une vingtaine de\u00a0plasticiennes venues des wilayas de Guelma, Alger, Jijel, Oran, Sidi Bellabes, Constantine, Bechar et S\u00e9tif, Tizi Ouzou et Souk Ahras, Annaba et\u00a0 El Tarf.<\/strong><\/em><\/p>\n<\/blockquote>\n<p>\u00a0En plus des visites guid\u00e9es pour d\u00e9couvrir des sites arch\u00e9ologiques de cette wilaya frontali\u00e8re, les plasticiennes ont particip\u00e9, durant leur s\u00e9jour, \u00e0 des ateliers de dessin, improvis\u00e9s sur les sites f\u00e9\u00e9riques de Lala Fatma (commune El Ayoune), l\u2019arboretum de Tonga et le parc animalier de Brabtia (El Kala) et au centre psychop\u00e9dagogique d\u2019El Tarf ville, a signal\u00e9 la m\u00eame source.<\/p>\n<p>Inaugur\u00e9 dimanche dernier, lors d\u2019une c\u00e9r\u00e9monie festive, anim\u00e9e par quatre troupes artistiques locales, ce deuxi\u00e8me salon de l\u2019art plastique, sera cl\u00f4tur\u00e9 en fin d\u2019apr\u00e8s-midi de mercredi.<\/p>\n<\/div>\n<p>Auteur:<br \/>\n<a href=\"http:\/\/www.aps.dz\/culture\/102878-el-tarf-l-environnement-dans-deux-toiles-de-zahia-kaci-une-eleve-du-pere-de-l-art-pictural-algerien-issiakhem\">Cliquez ici pour lire l&rsquo;article depuis sa source.<\/a><\/p>\n","protected":false},"excerpt":{"rendered":"<p>EL TARF- L\u2019artiste peintre Zahia Kaci, une \u00e9l\u00e8ve du p\u00e8re de l\u2019art pictural alg\u00e9rien M\u2019Hamed Issiakhem, a propos\u00e9 aux visiteurs de la wilaya d\u2019El Tarf deux toiles d\u00e9di\u00e9es au th\u00e8me de l\u2019environnement \u00e0\u00a0l\u2019occasion de sa participation \u00e0 la deuxi\u00e8me \u00e9dition des arts plastiques dont la cl\u00f4ture est pr\u00e9vue mercredi en fin d&rsquo;apr\u00e8s-midi. Expos\u00e9es depuis dimanche [&hellip;]<\/p>\n","protected":false},"author":1790,"featured_media":0,"comment_status":"closed","ping_status":"closed","sticky":false,"template":"","format":"standard","meta":{"fifu_image_url":"","fifu_image_alt":"","footnotes":""},"categories":[53,79],"tags":[],"class_list":["post-78839","post","type-post","status-publish","format-standard","hentry","category-algerie","category-culture"],"_links":{"self":[{"href":"https:\/\/linitiative.ca\/International\/wp-json\/wp\/v2\/posts\/78839","targetHints":{"allow":["GET"]}}],"collection":[{"href":"https:\/\/linitiative.ca\/International\/wp-json\/wp\/v2\/posts"}],"about":[{"href":"https:\/\/linitiative.ca\/International\/wp-json\/wp\/v2\/types\/post"}],"author":[{"embeddable":true,"href":"https:\/\/linitiative.ca\/International\/wp-json\/wp\/v2\/users\/1790"}],"replies":[{"embeddable":true,"href":"https:\/\/linitiative.ca\/International\/wp-json\/wp\/v2\/comments?post=78839"}],"version-history":[{"count":0,"href":"https:\/\/linitiative.ca\/International\/wp-json\/wp\/v2\/posts\/78839\/revisions"}],"wp:attachment":[{"href":"https:\/\/linitiative.ca\/International\/wp-json\/wp\/v2\/media?parent=78839"}],"wp:term":[{"taxonomy":"category","embeddable":true,"href":"https:\/\/linitiative.ca\/International\/wp-json\/wp\/v2\/categories?post=78839"},{"taxonomy":"post_tag","embeddable":true,"href":"https:\/\/linitiative.ca\/International\/wp-json\/wp\/v2\/tags?post=78839"}],"curies":[{"name":"wp","href":"https:\/\/api.w.org\/{rel}","templated":true}]}}