{"id":78843,"date":"2020-03-12T13:04:40","date_gmt":"2020-03-12T17:04:40","guid":{"rendered":"https:\/\/linitiative.ca\/International\/coronavirus-tous-les-evenements-culturels-reportes\/"},"modified":"2020-03-12T13:04:40","modified_gmt":"2020-03-12T17:04:40","slug":"coronavirus-tous-les-evenements-culturels-reportes","status":"publish","type":"post","link":"https:\/\/linitiative.ca\/International\/coronavirus-tous-les-evenements-culturels-reportes\/","title":{"rendered":"Coronavirus: tous les \u00e9v\u00e9nements culturels report\u00e9s"},"content":{"rendered":"<p><span class=\"sp-nh-title\">Rezig re\u00e7oit une d\u00e9l\u00e9gation du FCE et le pr\u00e9sident du Conseil d&rsquo;administration du groupe saoudien Global Investment house<\/span> &#8211; <span class=\"sp-nh-date\">jeudi 12 mars 2020 17:46<\/span><\/p>\n<p><span class=\"sp-nh-title\">Arkab: le minist\u00e8re de l&rsquo;Energie et l&rsquo;initiative Desertec signeront un m\u00e9morandum d&rsquo;entente en avril<\/span> &#8211; <span class=\"sp-nh-date\">jeudi 12 mars 2020 17:41<\/span><\/p>\n<p><span class=\"sp-nh-title\">Le G\u00e9n\u00e9ral-Major Chanegriha appelle les \u00e9l\u00e9ments de l&rsquo;Arm\u00e9e \u00e0 faire preuve d\u2019un total sens de responsabilit\u00e9<\/span> &#8211; <span class=\"sp-nh-date\">jeudi 12 mars 2020 17:34<\/span><\/p>\n<p><span class=\"sp-nh-title\">P\u00e9trole: accord Opep-Non Opep toujours en vigueur \u00a0<\/span> &#8211; <span class=\"sp-nh-date\">jeudi 12 mars 2020 16:23<\/span><\/p>\n<p><span class=\"sp-nh-title\">L&rsquo;Alg\u00e9rie r\u00e9it\u00e8re \u00e0 Oyo sa disponibilit\u00e9 \u00e0 abriter la conf\u00e9rence inter-libyenne de r\u00e9conciliation<\/span> &#8211; <span class=\"sp-nh-date\">jeudi 12 mars 2020 16:14<\/span><\/p>\n<p><span class=\"sp-nh-title\">Coronavirus: deux nouveaux patients gu\u00e9ris quittent l&rsquo;h\u00f4pital \u00a0<\/span> &#8211; <span class=\"sp-nh-date\">jeudi 12 mars 2020 15:37<\/span><\/p>\n<p><span class=\"sp-nh-title\">Alg\u00e9rie-France: Boukadoum et Le Drian pr\u00e9sident la 6\u00e8me session du\u00a0COMEFA \u00e0 Alger<\/span> &#8211; <span class=\"sp-nh-date\">jeudi 12 mars 2020 15:28<\/span><\/p>\n<p><span class=\"sp-nh-title\">Coronavirus: le Pr\u00e9sident Tebboune ordonne la fermeture des \u00e9coles, universit\u00e9s et \u00e9tablissements de la formation professionnelle<\/span> &#8211; <span class=\"sp-nh-date\">jeudi 12 mars 2020 15:24<\/span><\/p>\n<p><span class=\"sp-nh-title\">La crise en Syrie boucle sa neuvi\u00e8me ann\u00e9e avec des cons\u00e9quences d\u00e9vastatrices \u00a0<\/span> &#8211; <span class=\"sp-nh-date\">jeudi 12 mars 2020 14:45<\/span><\/p>\n<p><span class=\"sp-nh-title\">Ligue1 &#8211; Coronavirus: le huis clos appliqu\u00e9 une fois les mesures pr\u00e9ventives lev\u00e9es<\/span> &#8211; <span class=\"sp-nh-date\">jeudi 12 mars 2020 13:41<\/span><\/p>\n<p><span class=\"sp-nh-title\">Cameroun: la BAD lance un projet pour renforcer les services de comptage d&rsquo;\u00e9lectricit\u00e9<\/span> &#8211; <span class=\"sp-nh-date\">jeudi 12 mars 2020 13:27<\/span><\/p>\n<p><span class=\"sp-nh-title\">Deux films alg\u00e9riens prim\u00e9s au 9e Festival du cin\u00e9ma africain de Louxor<\/span> &#8211; <span class=\"sp-nh-date\">jeudi 12 mars 2020 13:17<\/span><\/p>\n<p><span class=\"sp-nh-title\">Acheuk Youcef \u00e9voque avec l&rsquo;ambassadeur ukrainien la coop\u00e9ration bilat\u00e9rale<\/span> &#8211; <span class=\"sp-nh-date\">jeudi 12 mars 2020 13:11<\/span><\/p>\n<p><span class=\"sp-nh-title\">Coronavirus: la pri\u00e8re du vendredi \u00e0 la Grande Mosqu\u00e9e de Paris suspendue<\/span> &#8211; <span class=\"sp-nh-date\">jeudi 12 mars 2020 13:01<\/span><\/p>\n<p><span class=\"sp-nh-title\">Tribunal Sidi M&rsquo;hamed: reprise du proc\u00e8s de l&rsquo;ancien DGSN Abdelghani Hamel<\/span> &#8211; <span class=\"sp-nh-date\">jeudi 12 mars 2020 12:49<\/span><\/p>\n<p><span class=\"sp-nh-title\">D\u00e9but des travaux de la 1\u00e8re r\u00e9union du groupe de contact de l&rsquo;UA sur la Libye<\/span> &#8211; <span class=\"sp-nh-date\">jeudi 12 mars 2020 12:46<\/span><\/p>\n<p><span class=\"sp-nh-title\">Ressources en eau: lancement d&rsquo;une application pour signaler les fuites d&rsquo;eau<\/span> &#8211; <span class=\"sp-nh-date\">jeudi 12 mars 2020 12:26<\/span><\/p>\n<p><span class=\"sp-nh-title\">Recensement : Beldjoud pr\u00e9side la r\u00e9union du Comit\u00e9 national<\/span> &#8211; <span class=\"sp-nh-date\">jeudi 12 mars 2020 12:08<\/span><\/p>\n<p><span class=\"sp-nh-title\">Accidents de la route: 8 morts et 9 bless\u00e9s en 24 heures<\/span> &#8211; <span class=\"sp-nh-date\">jeudi 12 mars 2020 11:58<\/span><\/p>\n<p><span class=\"sp-nh-title\">Boukadoum s&rsquo;entretient avec son homologue fran\u00e7ais<\/span> &#8211; <span class=\"sp-nh-date\">jeudi 12 mars 2020 11:49<\/span><\/p>\n<p>Auteur:<br \/>\n<a href=\"http:\/\/www.aps.dz\/culture\/102900-coronavirus-tous-les-evenements-culturels-reportes\">Cliquez ici pour lire l&rsquo;article depuis sa source.<\/a><\/p>\n","protected":false},"excerpt":{"rendered":"<p>Rezig re\u00e7oit une d\u00e9l\u00e9gation du FCE et le pr\u00e9sident du Conseil d&rsquo;administration du groupe saoudien Global Investment house &#8211; jeudi 12 mars 2020 17:46 Arkab: le minist\u00e8re de l&rsquo;Energie et l&rsquo;initiative Desertec signeront un m\u00e9morandum d&rsquo;entente en avril &#8211; jeudi 12 mars 2020 17:41 Le G\u00e9n\u00e9ral-Major Chanegriha appelle les \u00e9l\u00e9ments de l&rsquo;Arm\u00e9e \u00e0 faire preuve [&hellip;]<\/p>\n","protected":false},"author":1790,"featured_media":0,"comment_status":"closed","ping_status":"closed","sticky":false,"template":"","format":"standard","meta":{"fifu_image_url":"","fifu_image_alt":"","footnotes":""},"categories":[53,79],"tags":[],"class_list":["post-78843","post","type-post","status-publish","format-standard","hentry","category-algerie","category-culture"],"_links":{"self":[{"href":"https:\/\/linitiative.ca\/International\/wp-json\/wp\/v2\/posts\/78843","targetHints":{"allow":["GET"]}}],"collection":[{"href":"https:\/\/linitiative.ca\/International\/wp-json\/wp\/v2\/posts"}],"about":[{"href":"https:\/\/linitiative.ca\/International\/wp-json\/wp\/v2\/types\/post"}],"author":[{"embeddable":true,"href":"https:\/\/linitiative.ca\/International\/wp-json\/wp\/v2\/users\/1790"}],"replies":[{"embeddable":true,"href":"https:\/\/linitiative.ca\/International\/wp-json\/wp\/v2\/comments?post=78843"}],"version-history":[{"count":0,"href":"https:\/\/linitiative.ca\/International\/wp-json\/wp\/v2\/posts\/78843\/revisions"}],"wp:attachment":[{"href":"https:\/\/linitiative.ca\/International\/wp-json\/wp\/v2\/media?parent=78843"}],"wp:term":[{"taxonomy":"category","embeddable":true,"href":"https:\/\/linitiative.ca\/International\/wp-json\/wp\/v2\/categories?post=78843"},{"taxonomy":"post_tag","embeddable":true,"href":"https:\/\/linitiative.ca\/International\/wp-json\/wp\/v2\/tags?post=78843"}],"curies":[{"name":"wp","href":"https:\/\/api.w.org\/{rel}","templated":true}]}}