{"id":78845,"date":"2020-03-12T06:00:00","date_gmt":"2020-03-12T10:00:00","guid":{"rendered":"https:\/\/linitiative.ca\/International\/algerie-zimbabwe-sans-public\/"},"modified":"2020-03-12T06:00:00","modified_gmt":"2020-03-12T10:00:00","slug":"algerie-zimbabwe-sans-public","status":"publish","type":"post","link":"https:\/\/linitiative.ca\/International\/algerie-zimbabwe-sans-public\/","title":{"rendered":"Alg\u00e9rie-Zimbabwe sans public"},"content":{"rendered":"<div id=\"originalText\" readability=\"40\">\n<p>Suite\u00a0 aux\u00a0 directives\u00a0 du\u00a0 minist\u00e8re\u00a0 de\u00a0 la\u00a0 Jeunesse\u00a0 et\u00a0 des\u00a0 Sports\u00a0 quant\u00a0 \u00e0 l\u2019organisation des matches nationaux et internationaux, il appara\u00eet\u00a0 clairement que la rencontre Alg\u00e9rie-Zimbabwe comptant pour les \u00e9liminatoires de la CAN-2021 pr\u00e9vue le 26 mars au stade Mustapha-Tchaker de Blida aura lieu\u00a0 \u00e0\u00a0 huis clos.<\/p>\n<p>La F\u00e9d\u00e9ration alg\u00e9rienne\u00a0 de\u00a0 football\u00a0 devra\u00a0 toutefois informer\u00a0 la\u00a0 CAF\u00a0 et\u00a0 la F\u00e9d\u00e9ration zimbabw\u00e9enne de cette d\u00e9cision pour l\u2019ent\u00e9riner. Les responsables de la FAF \u00e9taient en r\u00e9union hier afin de prendre des dispositions\u00a0 \u00e0\u00a0 cet\u00a0 effet.<br \/>\u00a0<\/p>\n<p class=\"c6\"><strong>N. T.<\/strong><\/p>\n<\/div>\n<div id=\"text_core\" readability=\"40\">\n<p>Suite\u00a0 aux\u00a0 directives\u00a0 du\u00a0 minist\u00e8re\u00a0 de\u00a0 la\u00a0 Jeunesse\u00a0 et\u00a0 des\u00a0 Sports\u00a0 quant\u00a0 \u00e0 l\u2019organisation des matches nationaux et internationaux, il appara\u00eet\u00a0 clairement que la rencontre Alg\u00e9rie-Zimbabwe comptant pour les \u00e9liminatoires de la CAN-2021 pr\u00e9vue le 26 mars au stade Mustapha-Tchaker de Blida aura lieu\u00a0 \u00e0\u00a0 huis clos.<\/p>\n<p>La F\u00e9d\u00e9ration alg\u00e9rienne\u00a0 de\u00a0 football\u00a0 devra\u00a0 toutefois informer\u00a0 la\u00a0 CAF\u00a0 et\u00a0 la F\u00e9d\u00e9ration zimbabw\u00e9enne de cette d\u00e9cision pour l\u2019ent\u00e9riner. Les responsables de la FAF \u00e9taient en r\u00e9union hier afin de prendre des dispositions\u00a0 \u00e0\u00a0 cet\u00a0 effet.<br \/>\u00a0<\/p>\n<p class=\"c6\"><strong>N. T.<\/strong><\/p>\n<\/div>\n<p>Auteur:<br \/>\n<a href=\"https:\/\/www.liberte-algerie.com\/sports\/algerie-zimbabwe-sans-public-335669\">Cliquez ici pour lire l&rsquo;article depuis sa source.<\/a><\/p>\n","protected":false},"excerpt":{"rendered":"<p>Suite\u00a0 aux\u00a0 directives\u00a0 du\u00a0 minist\u00e8re\u00a0 de\u00a0 la\u00a0 Jeunesse\u00a0 et\u00a0 des\u00a0 Sports\u00a0 quant\u00a0 \u00e0 l\u2019organisation des matches nationaux et internationaux, il appara\u00eet\u00a0 clairement que la rencontre Alg\u00e9rie-Zimbabwe comptant pour les \u00e9liminatoires de la CAN-2021 pr\u00e9vue le 26 mars au stade Mustapha-Tchaker de Blida aura lieu\u00a0 \u00e0\u00a0 huis clos. La F\u00e9d\u00e9ration alg\u00e9rienne\u00a0 de\u00a0 football\u00a0 devra\u00a0 toutefois informer\u00a0 [&hellip;]<\/p>\n","protected":false},"author":1742,"featured_media":0,"comment_status":"closed","ping_status":"closed","sticky":false,"template":"","format":"standard","meta":{"fifu_image_url":"","fifu_image_alt":"","footnotes":""},"categories":[73,53],"tags":[],"class_list":["post-78845","post","type-post","status-publish","format-standard","hentry","category-actualite","category-algerie"],"_links":{"self":[{"href":"https:\/\/linitiative.ca\/International\/wp-json\/wp\/v2\/posts\/78845","targetHints":{"allow":["GET"]}}],"collection":[{"href":"https:\/\/linitiative.ca\/International\/wp-json\/wp\/v2\/posts"}],"about":[{"href":"https:\/\/linitiative.ca\/International\/wp-json\/wp\/v2\/types\/post"}],"author":[{"embeddable":true,"href":"https:\/\/linitiative.ca\/International\/wp-json\/wp\/v2\/users\/1742"}],"replies":[{"embeddable":true,"href":"https:\/\/linitiative.ca\/International\/wp-json\/wp\/v2\/comments?post=78845"}],"version-history":[{"count":0,"href":"https:\/\/linitiative.ca\/International\/wp-json\/wp\/v2\/posts\/78845\/revisions"}],"wp:attachment":[{"href":"https:\/\/linitiative.ca\/International\/wp-json\/wp\/v2\/media?parent=78845"}],"wp:term":[{"taxonomy":"category","embeddable":true,"href":"https:\/\/linitiative.ca\/International\/wp-json\/wp\/v2\/categories?post=78845"},{"taxonomy":"post_tag","embeddable":true,"href":"https:\/\/linitiative.ca\/International\/wp-json\/wp\/v2\/tags?post=78845"}],"curies":[{"name":"wp","href":"https:\/\/api.w.org\/{rel}","templated":true}]}}