{"id":78846,"date":"2020-03-12T06:00:00","date_gmt":"2020-03-12T10:00:00","guid":{"rendered":"https:\/\/linitiative.ca\/International\/len-u18-privee-du-tournoi-de-tanger\/"},"modified":"2020-03-12T06:00:00","modified_gmt":"2020-03-12T10:00:00","slug":"len-u18-privee-du-tournoi-de-tanger","status":"publish","type":"post","link":"https:\/\/linitiative.ca\/International\/len-u18-privee-du-tournoi-de-tanger\/","title":{"rendered":"L\u2019EN U18 priv\u00e9e du tournoi de Tanger ?"},"content":{"rendered":"<div id=\"originalText\" readability=\"56\">\n<p>Dans\u00a0 un\u00a0 communiqu\u00e9\u00a0 publi\u00e9\u00a0 sur\u00a0 son\u00a0 site\u00a0 officiel,\u00a0 la Direction\u00a0 technique nationale (DTN) de la F\u00e9d\u00e9ration alg\u00e9rienne de football (FAF) annonce avoir organis\u00e9 du 8 au 11 mars 2020, au Centre technique r\u00e9gional de Sidi Bel-Abb\u00e8s, un stage de revue d\u2019effectif pour la cat\u00e9gorie\u00a0 des\u00a0 U18\u00a0 afin\u00a0 de s\u00e9lectionner les meilleurs \u00e9l\u00e9ments et ce, dans la perspective de pr\u00e9parer la future s\u00e9lection des U20 appel\u00e9e \u00e0 prendre part aux \u00e9liminatoires de la CAN 2023 : \u201cCette s\u00e9lection devra assurer \u00e9galement la continuit\u00e9 de la formation des jeunes talents et participer au tournoi UNAF du 22 au 29 mars 2020 \u00e0 Tanger, si ce dernier est maintenu, compte tenu de la probl\u00e9matique du coronavirus qui risque de compromettre la tenue de cet \u00e9v\u00e9nement.\u201d<\/p>\n<p>Or, \u00e0 bien\u00a0lire\u00a0 les\u00a0 termes\u00a0 du\u00a0 communiqu\u00e9\u00a0 du\u00a0 MJS publi\u00e9\u00a0 mardi\u00a0 soir, cette s\u00e9lection ne pourra pas prendre part \u00e0 ce tournoi, m\u00eame s\u2019il est maintenu par les organisateurs, en raison de l\u2019\u00e9pid\u00e9mie du coronavirus.<\/p>\n<p>\u201cLa participation de nos athl\u00e8tes aux comp\u00e9titions internationales ne sera permise qu\u2019au cas o\u00f9 l\u2019absence de l\u2019Alg\u00e9rie pourrait \u00eatre p\u00e9nalis\u00e9e ou disqualifiante \u00e0 des \u00e9v\u00e9nements sportifs mondiaux (\u2026)\u201d, souligne le communiqu\u00e9 du MJS. Sachant que le tournoi de l\u2019UNAF est amical, il reste clair donc que l\u2019EN U18 ne devrait pas se d\u00e9placer \u00e0 Tanger.\u00a0 \u00a0 \u00a0 \u00a0 \u00a0 \u00a0 \u00a0\u00a0<br \/>\u00a0<\/p>\n<p class=\"c6\"><strong>S. L.<\/strong><\/p>\n<\/div>\n<div id=\"text_core\" readability=\"56\">\n<p>Dans\u00a0 un\u00a0 communiqu\u00e9\u00a0 publi\u00e9\u00a0 sur\u00a0 son\u00a0 site\u00a0 officiel,\u00a0 la Direction\u00a0 technique nationale (DTN) de la F\u00e9d\u00e9ration alg\u00e9rienne de football (FAF) annonce avoir organis\u00e9 du 8 au 11 mars 2020, au Centre technique r\u00e9gional de Sidi Bel-Abb\u00e8s, un stage de revue d\u2019effectif pour la cat\u00e9gorie\u00a0 des\u00a0 U18\u00a0 afin\u00a0 de s\u00e9lectionner les meilleurs \u00e9l\u00e9ments et ce, dans la perspective de pr\u00e9parer la future s\u00e9lection des U20 appel\u00e9e \u00e0 prendre part aux \u00e9liminatoires de la CAN 2023 : \u201cCette s\u00e9lection devra assurer \u00e9galement la continuit\u00e9 de la formation des jeunes talents et participer au tournoi UNAF du 22 au 29 mars 2020 \u00e0 Tanger, si ce dernier est maintenu, compte tenu de la probl\u00e9matique du coronavirus qui risque de compromettre la tenue de cet \u00e9v\u00e9nement.\u201d<\/p>\n<p>Or, \u00e0 bien\u00a0lire\u00a0 les\u00a0 termes\u00a0 du\u00a0 communiqu\u00e9\u00a0 du\u00a0 MJS publi\u00e9\u00a0 mardi\u00a0 soir, cette s\u00e9lection ne pourra pas prendre part \u00e0 ce tournoi, m\u00eame s\u2019il est maintenu par les organisateurs, en raison de l\u2019\u00e9pid\u00e9mie du coronavirus.<\/p>\n<p>\u201cLa participation de nos athl\u00e8tes aux comp\u00e9titions internationales ne sera permise qu\u2019au cas o\u00f9 l\u2019absence de l\u2019Alg\u00e9rie pourrait \u00eatre p\u00e9nalis\u00e9e ou disqualifiante \u00e0 des \u00e9v\u00e9nements sportifs mondiaux (\u2026)\u201d, souligne le communiqu\u00e9 du MJS. Sachant que le tournoi de l\u2019UNAF est amical, il reste clair donc que l\u2019EN U18 ne devrait pas se d\u00e9placer \u00e0 Tanger.\u00a0 \u00a0 \u00a0 \u00a0 \u00a0 \u00a0 \u00a0\u00a0<br \/>\u00a0<\/p>\n<p class=\"c6\"><strong>S. L.<\/strong><\/p>\n<\/div>\n<p>Auteur:<br \/>\n<a href=\"https:\/\/www.liberte-algerie.com\/sports\/len-u18-privee-du-tournoi-de-tanger-335668\">Cliquez ici pour lire l&rsquo;article depuis sa source.<\/a><\/p>\n","protected":false},"excerpt":{"rendered":"<p>Dans\u00a0 un\u00a0 communiqu\u00e9\u00a0 publi\u00e9\u00a0 sur\u00a0 son\u00a0 site\u00a0 officiel,\u00a0 la Direction\u00a0 technique nationale (DTN) de la F\u00e9d\u00e9ration alg\u00e9rienne de football (FAF) annonce avoir organis\u00e9 du 8 au 11 mars 2020, au Centre technique r\u00e9gional de Sidi Bel-Abb\u00e8s, un stage de revue d\u2019effectif pour la cat\u00e9gorie\u00a0 des\u00a0 U18\u00a0 afin\u00a0 de s\u00e9lectionner les meilleurs \u00e9l\u00e9ments et ce, dans [&hellip;]<\/p>\n","protected":false},"author":1742,"featured_media":0,"comment_status":"closed","ping_status":"closed","sticky":false,"template":"","format":"standard","meta":{"fifu_image_url":"","fifu_image_alt":"","footnotes":""},"categories":[73,53],"tags":[],"class_list":["post-78846","post","type-post","status-publish","format-standard","hentry","category-actualite","category-algerie"],"_links":{"self":[{"href":"https:\/\/linitiative.ca\/International\/wp-json\/wp\/v2\/posts\/78846","targetHints":{"allow":["GET"]}}],"collection":[{"href":"https:\/\/linitiative.ca\/International\/wp-json\/wp\/v2\/posts"}],"about":[{"href":"https:\/\/linitiative.ca\/International\/wp-json\/wp\/v2\/types\/post"}],"author":[{"embeddable":true,"href":"https:\/\/linitiative.ca\/International\/wp-json\/wp\/v2\/users\/1742"}],"replies":[{"embeddable":true,"href":"https:\/\/linitiative.ca\/International\/wp-json\/wp\/v2\/comments?post=78846"}],"version-history":[{"count":0,"href":"https:\/\/linitiative.ca\/International\/wp-json\/wp\/v2\/posts\/78846\/revisions"}],"wp:attachment":[{"href":"https:\/\/linitiative.ca\/International\/wp-json\/wp\/v2\/media?parent=78846"}],"wp:term":[{"taxonomy":"category","embeddable":true,"href":"https:\/\/linitiative.ca\/International\/wp-json\/wp\/v2\/categories?post=78846"},{"taxonomy":"post_tag","embeddable":true,"href":"https:\/\/linitiative.ca\/International\/wp-json\/wp\/v2\/tags?post=78846"}],"curies":[{"name":"wp","href":"https:\/\/api.w.org\/{rel}","templated":true}]}}