{"id":78850,"date":"2020-03-11T14:37:52","date_gmt":"2020-03-11T18:37:52","guid":{"rendered":"https:\/\/linitiative.ca\/International\/presentation-du-programme-intelaka-aux-jeunes-entrepreneurs\/"},"modified":"2020-03-11T14:37:52","modified_gmt":"2020-03-11T18:37:52","slug":"presentation-du-programme-intelaka-aux-jeunes-entrepreneurs","status":"publish","type":"post","link":"https:\/\/linitiative.ca\/International\/presentation-du-programme-intelaka-aux-jeunes-entrepreneurs\/","title":{"rendered":"Pr\u00e9sentation du Programme \u00ab\u00a0Intelaka\u00a0\u00bb aux jeunes entrepreneurs"},"content":{"rendered":"<div readability=\"38\">\n<p>Kel\u00e2a des Sraghna- Une rencontre de communication consacr\u00e9e \u00e0 la pr\u00e9sentation du Programme int\u00e9gr\u00e9 d\u2019appui et de financement des entreprises \u00ab\u00a0Intelaka\u00a0\u00bb a \u00e9t\u00e9 organis\u00e9e, mardi \u00e0 Kel\u00e2a des Sraghna, \u00e0 l\u2019initiative de la Chambre de Commerce, d\u2019Industrie et de Services (CCIS) de la r\u00e9gion de Marrakech-Safi.<\/p>\n<\/div>\n<div readability=\"104\">\n<p>Cette rencontre a permis aux jeunes entrepreneurs de la province de mieux s\u2019informer des opportunit\u00e9s offertes par ledit Programme et des conditions requises pour b\u00e9n\u00e9ficier du financement bancaire.<\/p>\n<p>Elle a \u00e9t\u00e9 aussi l\u2019occasion de d\u00e9battre du contenu de ce Programme de grande envergure et de discuter des moyens de recherche de solutions pertinentes et concr\u00e8tes aux diverses contraintes auxquelles font face les jeunes entrepreneurs et porteurs de projets au niveau de la province d\u2019El Kel\u00e2a des\u00a0Sraghna.<\/p>\n<p>Dans ce sens, les jeunes entrepreneurs ont pris connaissance des offres de financement relatives aux co\u00fbts de l\u2019investissement et de l\u2019emploi, des \u00e9tablissements bancaires concern\u00e9s par ces offres et des parties charg\u00e9es de la pr\u00e9sentation des informations n\u00e9cessaires et de l\u2019orientation, telles que le Centre R\u00e9gional d\u2019Investissement, l\u2019Office de la Formation Professionnelle et de la Promotion du Travail (OFPPT) et l\u2019Agence Nationale de Promotion de l\u2019Emploi et des Comp\u00e9tences (ANAPEC).<\/p>\n<p>S\u2019exprimant \u00e0 cette occasion, le pr\u00e9sident de la CCIS de la r\u00e9gion de Marrakech-Safi, Mohamed Fadlam, a indiqu\u00e9 que le Programme \u00ab\u00a0Intelaka\u00a0\u00bb vise l\u2019accompagnement et l\u2019appui des TPE-PME qui jouent un r\u00f4le tr\u00e8s important dans le tissu socio-\u00e9conomique de la province.<\/p>\n<p>Il a, \u00e0 cet \u00e9gard, insist\u00e9 sur l\u2019imp\u00e9ratif de l\u2019accompagnement et de la promotion de la culture de l\u2019entrepreneuriat aupr\u00e8s des porteurs de projets, ainsi que de l\u2019adh\u00e9sion et de la mobilisation de l\u2019ensemble des acteurs pour garantir la r\u00e9ussite de la mise en \u0153uvre de ce Programme.<\/p>\n<p>M. Fadlam a fait part de la pleine et constante adh\u00e9sion de la CCIS de la r\u00e9gion de Marrakech-Safi, aux c\u00f4t\u00e9s des acteurs \u00e9conomiques et institutionnels, pour la r\u00e9alisation et la garantie du succ\u00e8s des diff\u00e9rentes strat\u00e9gies de d\u00e9veloppement en place.<\/p>\n<p>Apr\u00e8s avoir appel\u00e9 \u00e0 la synergie des efforts de toutes les parties prenantes en vue de garantir un environnement favorable \u00e0 la mise en \u0153uvre dudit Programme et \u00e0 l\u2019atteinte des objectifs escompt\u00e9s, il a insist\u00e9, en conclusion, sur l\u2019importance de la cr\u00e9ation d\u2019une plate-forme d\u00e9di\u00e9e \u00e0 assurer le suivi et l\u2019accompagnement des porteurs de projets d\u00e8s la premi\u00e8re ann\u00e9e de leur r\u00e9alisation.<\/p>\n<p>De leurs c\u00f4t\u00e9s, les repr\u00e9sentants des \u00e9tablissements bancaires ont \u00e9voqu\u00e9 devant l\u2019assistance les proc\u00e9dures et les conditions exig\u00e9es pour b\u00e9n\u00e9ficier des offres de financement mises \u00e0 la disposition des jeunes entrepreneurs, ainsi que les mesures prises pour la simplification des conditions de garantie, \u00e0 travers notamment la suppression des garanties personnelles et la r\u00e9duction des co\u00fbts des cr\u00e9dits.<\/p>\n<p>Le Programme int\u00e9gr\u00e9 d\u2019appui et de financement des entreprises vient en ex\u00e9cution des Hautes Orientations Royales concernant la facilitation de l\u2019acc\u00e8s des entreprises au financement, telles que contenues dans le Discours de Sa Majest\u00e9 le Roi Mohammed VI lors de l\u2019ouverture, le 11 octobre dernier, de l\u2019actuelle session parlementaire.<\/p>\n<p>Cet ambitieux programme, qui a vu la mobilisation d\u2019une enveloppe de 8 milliards de DH sur les 3 prochaines ann\u00e9es, est de nature \u00e0 contribuer \u00e0 la cr\u00e9ation d\u2019environ 27.000 nouveaux postes d\u2019emploi annuellement et \u00e0 l\u2019accompagnement de 13.500 entreprises suppl\u00e9mentaires.<\/p>\n<p>Il s\u2019articule autour de trois principaux axes \u00e0 savoir : le financement de l\u2019entrepreneuriat, la coordination des actions d\u2019appui et d\u2019accompagnement de l\u2019entrepreneuriat au niveau des r\u00e9gions et l\u2019inclusion financi\u00e8re des populations rurales.<\/p>\n<\/div>\n<p>Auteur: Mohammed KOURSI<br \/>\n<a href=\"http:\/\/www.mapmarrakech.ma\/fr\/presentation-du-programme-intelaka-aux-jeunes-entrepreneurs\/\">Cliquez ici pour lire l&rsquo;article depuis sa source.<\/a><\/p>\n","protected":false},"excerpt":{"rendered":"<p>Kel\u00e2a des Sraghna- Une rencontre de communication consacr\u00e9e \u00e0 la pr\u00e9sentation du Programme int\u00e9gr\u00e9 d\u2019appui et de financement des entreprises \u00ab\u00a0Intelaka\u00a0\u00bb a \u00e9t\u00e9 organis\u00e9e, mardi \u00e0 Kel\u00e2a des Sraghna, \u00e0 l\u2019initiative de la Chambre de Commerce, d\u2019Industrie et de Services (CCIS) de la r\u00e9gion de Marrakech-Safi. Cette rencontre a permis aux jeunes entrepreneurs de la [&hellip;]<\/p>\n","protected":false},"author":1788,"featured_media":0,"comment_status":"closed","ping_status":"closed","sticky":false,"template":"","format":"standard","meta":{"fifu_image_url":"","fifu_image_alt":"","footnotes":""},"categories":[54,76],"tags":[],"class_list":["post-78850","post","type-post","status-publish","format-standard","hentry","category-maroc","category-regions"],"_links":{"self":[{"href":"https:\/\/linitiative.ca\/International\/wp-json\/wp\/v2\/posts\/78850","targetHints":{"allow":["GET"]}}],"collection":[{"href":"https:\/\/linitiative.ca\/International\/wp-json\/wp\/v2\/posts"}],"about":[{"href":"https:\/\/linitiative.ca\/International\/wp-json\/wp\/v2\/types\/post"}],"author":[{"embeddable":true,"href":"https:\/\/linitiative.ca\/International\/wp-json\/wp\/v2\/users\/1788"}],"replies":[{"embeddable":true,"href":"https:\/\/linitiative.ca\/International\/wp-json\/wp\/v2\/comments?post=78850"}],"version-history":[{"count":0,"href":"https:\/\/linitiative.ca\/International\/wp-json\/wp\/v2\/posts\/78850\/revisions"}],"wp:attachment":[{"href":"https:\/\/linitiative.ca\/International\/wp-json\/wp\/v2\/media?parent=78850"}],"wp:term":[{"taxonomy":"category","embeddable":true,"href":"https:\/\/linitiative.ca\/International\/wp-json\/wp\/v2\/categories?post=78850"},{"taxonomy":"post_tag","embeddable":true,"href":"https:\/\/linitiative.ca\/International\/wp-json\/wp\/v2\/tags?post=78850"}],"curies":[{"name":"wp","href":"https:\/\/api.w.org\/{rel}","templated":true}]}}