{"id":78852,"date":"2020-03-12T03:38:05","date_gmt":"2020-03-12T07:38:05","guid":{"rendered":"https:\/\/linitiative.ca\/International\/ceremonie-en-hommage-aux-femmes-cadres-du-secteur-de-la-sante\/"},"modified":"2020-03-12T03:38:05","modified_gmt":"2020-03-12T07:38:05","slug":"ceremonie-en-hommage-aux-femmes-cadres-du-secteur-de-la-sante","status":"publish","type":"post","link":"https:\/\/linitiative.ca\/International\/ceremonie-en-hommage-aux-femmes-cadres-du-secteur-de-la-sante\/","title":{"rendered":"C\u00e9r\u00e9monie en hommage aux femmes-cadres du secteur de la sant\u00e9"},"content":{"rendered":"<div readability=\"36\">\n<p>Bengu\u00e9rir- Une c\u00e9r\u00e9monie en hommage aux femmes- cadres du secteur de la sant\u00e9 au niveau de la province de Rehamna, a \u00e9t\u00e9 organis\u00e9e en d\u00e9but de semaine \u00e0 Bengu\u00e9rir et ce, \u00e0 l\u2019occasion de la c\u00e9l\u00e9bration de la Journ\u00e9e Internationale de la Femme.<\/p>\n<\/div>\n<div readability=\"97\">\n<p>Organis\u00e9e sous le signe \u00ab\u00a0Des femmes leaders dans le secteur de la sant\u00e9\u00a0\u00bb, par la d\u00e9l\u00e9gation provinciale de la Sant\u00e9, cette initiative a \u00e9t\u00e9 l\u2019occasion de mettre en avant les r\u00e9alisations professionnelles accomplies par ces femmes, ainsi que leurs efforts remarquables dans ce domaine strat\u00e9gique.<\/p>\n<p>Dans une allocution de circonstance, le gouverneur de la province de Rehamna, Aziz Bouignane a lou\u00e9 les grands efforts et les sacrifices consentis par les fonctionnaires du secteur de la sant\u00e9 au service de la patrie et des citoyens notamment, en ce qui concerne l\u2019am\u00e9lioration de la qualit\u00e9 de l\u2019offre de sant\u00e9 au niveau provincial.<\/p>\n<p>Apr\u00e8s avoir relev\u00e9 que la gent f\u00e9minine jouit d\u2019un r\u00f4le de taille dans le processus de modernisation et de r\u00e9forme du secteur, le gouverneur a soulign\u00e9 que le syst\u00e8me de sant\u00e9 au niveau national a connu un essor remarquable en termes d\u2019infrastructures, de ressources humaines et de prestations offertes.<\/p>\n<p>Et M. Bouignane de poursuivre que la femme marocaine occupe une place de choix et ne cesse de faire montre de leadership dans les postes de prise de d\u00e9cision et ce, dans le cadre de la d\u00e9marche du Royaume visant \u00e0 permettre \u00e0 la gent f\u00e9minine d\u2019acc\u00e9der aux postes de responsabilit\u00e9, ce qui constitue, sans nul doute, un grand pas franchi en la mati\u00e8re.<\/p>\n<p>De son c\u00f4t\u00e9, le d\u00e9l\u00e9gu\u00e9 provincial de la sant\u00e9, Kamal El Yanssali, a mis en relief les efforts d\u00e9ploy\u00e9s par les femmes du secteur de la sant\u00e9, qui t\u00e9moignent d\u2019un engagement sans faille \u00e0 assumer pleinement la responsabilit\u00e9 qui est la leur, eu \u00e9gard \u00e0 la nature et \u00e0 la complexit\u00e9 de leurs t\u00e2ches quotidiennes.<\/p>\n<p>Au niveau provincial, un int\u00e9r\u00eat particulier est accord\u00e9 aux ressources humaines f\u00e9minines \u00e0 travers l\u2019appui, l\u2019encouragement et l\u2019incitation du personnel m\u00e9dical \u00e0 contribuer davantage aux efforts visant l\u2019am\u00e9lioration de la qualit\u00e9 de l\u2019offre de sant\u00e9, a-t-il indiqu\u00e9.<\/p>\n<p>Par la m\u00eame occasion, il a salu\u00e9 les diff\u00e9rents efforts et initiatives entrepris par le minist\u00e8re de tutelle en vue de promouvoir la bonne gouvernance dans le secteur de la Sant\u00e9 au niveau national et d\u2019am\u00e9liorer la qualit\u00e9 des prestations m\u00e9dicales, ainsi que garantir le financement des traitements et la gestion des \u00e9tablissements hospitaliers et le secteur de la sant\u00e9 en g\u00e9n\u00e9ral.<\/p>\n<p>Cette c\u00e9r\u00e9monie \u00e0 laquelle ont pris part, entre autres, des responsables et des acteurs de la soci\u00e9t\u00e9 civile, a \u00e9t\u00e9 marqu\u00e9e par un hommage rendu \u00e0 plusieurs femmes- cadres de la Sant\u00e9 ayant consacr\u00e9 une partie de leur vie, avec abn\u00e9gation et d\u00e9vouement, \u00e0 servir au mieux, les citoyens.<\/p>\n<\/div>\n<p>Auteur: Mohammed KOURSI<br \/>\n<a href=\"http:\/\/www.mapmarrakech.ma\/fr\/ceremonie-en-hommage-aux-femmes-cadres-du-secteur-de-la-sante\/\">Cliquez ici pour lire l&rsquo;article depuis sa source.<\/a><\/p>\n","protected":false},"excerpt":{"rendered":"<p>Bengu\u00e9rir- Une c\u00e9r\u00e9monie en hommage aux femmes- cadres du secteur de la sant\u00e9 au niveau de la province de Rehamna, a \u00e9t\u00e9 organis\u00e9e en d\u00e9but de semaine \u00e0 Bengu\u00e9rir et ce, \u00e0 l\u2019occasion de la c\u00e9l\u00e9bration de la Journ\u00e9e Internationale de la Femme. Organis\u00e9e sous le signe \u00ab\u00a0Des femmes leaders dans le secteur de la [&hellip;]<\/p>\n","protected":false},"author":1788,"featured_media":0,"comment_status":"closed","ping_status":"closed","sticky":false,"template":"","format":"standard","meta":{"fifu_image_url":"","fifu_image_alt":"","footnotes":""},"categories":[54,76],"tags":[],"class_list":["post-78852","post","type-post","status-publish","format-standard","hentry","category-maroc","category-regions"],"_links":{"self":[{"href":"https:\/\/linitiative.ca\/International\/wp-json\/wp\/v2\/posts\/78852","targetHints":{"allow":["GET"]}}],"collection":[{"href":"https:\/\/linitiative.ca\/International\/wp-json\/wp\/v2\/posts"}],"about":[{"href":"https:\/\/linitiative.ca\/International\/wp-json\/wp\/v2\/types\/post"}],"author":[{"embeddable":true,"href":"https:\/\/linitiative.ca\/International\/wp-json\/wp\/v2\/users\/1788"}],"replies":[{"embeddable":true,"href":"https:\/\/linitiative.ca\/International\/wp-json\/wp\/v2\/comments?post=78852"}],"version-history":[{"count":0,"href":"https:\/\/linitiative.ca\/International\/wp-json\/wp\/v2\/posts\/78852\/revisions"}],"wp:attachment":[{"href":"https:\/\/linitiative.ca\/International\/wp-json\/wp\/v2\/media?parent=78852"}],"wp:term":[{"taxonomy":"category","embeddable":true,"href":"https:\/\/linitiative.ca\/International\/wp-json\/wp\/v2\/categories?post=78852"},{"taxonomy":"post_tag","embeddable":true,"href":"https:\/\/linitiative.ca\/International\/wp-json\/wp\/v2\/tags?post=78852"}],"curies":[{"name":"wp","href":"https:\/\/api.w.org\/{rel}","templated":true}]}}