{"id":78853,"date":"2020-03-12T05:02:28","date_gmt":"2020-03-12T09:02:28","guid":{"rendered":"https:\/\/linitiative.ca\/International\/la-province-de-youssoufia-celebre-ses-femmes\/"},"modified":"2020-03-12T05:02:28","modified_gmt":"2020-03-12T09:02:28","slug":"la-province-de-youssoufia-celebre-ses-femmes","status":"publish","type":"post","link":"https:\/\/linitiative.ca\/International\/la-province-de-youssoufia-celebre-ses-femmes\/","title":{"rendered":"La province de Youssoufia c\u00e9l\u00e8bre ses femmes"},"content":{"rendered":"<div class=\"single-featured\"><img alt=\"\" data-src=\"http:\/\/www.mapmarrakech.ma\/map\/uploads\/2020\/03\/youssoufia-hommage-femmes-pr&#xE9;fecture.jpg\"\/><\/div>\n<div class=\"single-post-excerpt post-excerpt-bc\" readability=\"36\">\n<p>Youssoufia- La pr\u00e9fecture de la province de Youssoufia a c\u00e9l\u00e9br\u00e9, r\u00e9cemment, ses femmes fonctionnaires et ce, \u00e0 l\u2019occasion de la Journ\u00e9e internationale de la femme.<\/p>\n<\/div>\n<div class=\"entry-content clearfix single-post-content\" readability=\"60\">\n<p>Lors d\u2019une c\u00e9r\u00e9monie grandiose \u00e0 laquelle a pris part le gouverneur de la province, M. Mohamed Salem Essabti, des femmes fonctionnaires ont livr\u00e9 des t\u00e9moignages sur leurs parcours professionnels et leurs exp\u00e9riences reluisantes, tout en \u00e9mettant le voeu de voir les acquis r\u00e9alis\u00e9s en faveur de la femme marocaine se consolider davantage.<\/p>\n<p>Dans une allocution au nom des femmes fonctionnaires de la pr\u00e9fecture de\u00a0Youssoufia, Mme Hafida Ben Taja, a fait savoir que cette c\u00e9r\u00e9monie constitue un moment solennel pour se rem\u00e9morer l\u2019action continue et distingu\u00e9e men\u00e9e par la femme tout au long de l\u2019ann\u00e9e que ce soit au sein du foyer comme au travail.<\/p>\n<p>Dans la foul\u00e9e, elle s\u2019est f\u00e9licit\u00e9e de \u00ab\u00a0ce geste noble\u00a0\u00bb \u00e0 l\u2019\u00e9gard de la femme fonctionnaire en tant qu\u2019actrice agissante au sein de la soci\u00e9t\u00e9, mettant en avant la contribution incontestable de la gent f\u00e9minine \u00e0 l\u2019\u00e9dification de l\u2019\u00e9conomie locale et nationale.<\/p>\n<p>Elle a tenu \u00e0 rappeler que la femme a \u00e9t\u00e9 toujours \u00ab\u00a0un facteur indispensable\u00a0\u00bb dans le d\u00e9veloppement de l\u2019humanit\u00e9 ainsi que dans le maintien de l\u2019\u00e9quilibre social et familial.<\/p>\n<p>Lors de cette c\u00e9r\u00e9monie organis\u00e9e par l\u2019Association des Oeuvres Sociales des cadres et fonctionnaires de la pr\u00e9fecture de la province de\u00a0Youssoufia, il a \u00e9t\u00e9 proc\u00e9d\u00e9 \u00e0 la distribution de pr\u00e9sents au profit de femmes fonctionnaires dont le parcours se veut remarquable au niveau provincial.<\/p>\n<\/div>\n<p>Auteur: Mohammed KOURSI<br \/>\n<a href=\"http:\/\/www.mapmarrakech.ma\/fr\/la-province-de-youssoufia-celebre-ses-femmes\/\">Cliquez ici pour lire l&rsquo;article depuis sa source.<\/a><\/p>\n","protected":false},"excerpt":{"rendered":"<p>Youssoufia- La pr\u00e9fecture de la province de Youssoufia a c\u00e9l\u00e9br\u00e9, r\u00e9cemment, ses femmes fonctionnaires et ce, \u00e0 l\u2019occasion de la Journ\u00e9e internationale de la femme. Lors d\u2019une c\u00e9r\u00e9monie grandiose \u00e0 laquelle a pris part le gouverneur de la province, M. Mohamed Salem Essabti, des femmes fonctionnaires ont livr\u00e9 des t\u00e9moignages sur leurs parcours professionnels et [&hellip;]<\/p>\n","protected":false},"author":1788,"featured_media":78854,"comment_status":"closed","ping_status":"closed","sticky":false,"template":"","format":"standard","meta":{"fifu_image_url":"","fifu_image_alt":"","footnotes":""},"categories":[54,76],"tags":[],"class_list":["post-78853","post","type-post","status-publish","format-standard","has-post-thumbnail","hentry","category-maroc","category-regions"],"_links":{"self":[{"href":"https:\/\/linitiative.ca\/International\/wp-json\/wp\/v2\/posts\/78853","targetHints":{"allow":["GET"]}}],"collection":[{"href":"https:\/\/linitiative.ca\/International\/wp-json\/wp\/v2\/posts"}],"about":[{"href":"https:\/\/linitiative.ca\/International\/wp-json\/wp\/v2\/types\/post"}],"author":[{"embeddable":true,"href":"https:\/\/linitiative.ca\/International\/wp-json\/wp\/v2\/users\/1788"}],"replies":[{"embeddable":true,"href":"https:\/\/linitiative.ca\/International\/wp-json\/wp\/v2\/comments?post=78853"}],"version-history":[{"count":0,"href":"https:\/\/linitiative.ca\/International\/wp-json\/wp\/v2\/posts\/78853\/revisions"}],"wp:featuredmedia":[{"embeddable":true,"href":"https:\/\/linitiative.ca\/International\/wp-json\/"}],"wp:attachment":[{"href":"https:\/\/linitiative.ca\/International\/wp-json\/wp\/v2\/media?parent=78853"}],"wp:term":[{"taxonomy":"category","embeddable":true,"href":"https:\/\/linitiative.ca\/International\/wp-json\/wp\/v2\/categories?post=78853"},{"taxonomy":"post_tag","embeddable":true,"href":"https:\/\/linitiative.ca\/International\/wp-json\/wp\/v2\/tags?post=78853"}],"curies":[{"name":"wp","href":"https:\/\/api.w.org\/{rel}","templated":true}]}}