{"id":78863,"date":"2020-03-12T15:14:27","date_gmt":"2020-03-12T19:14:27","guid":{"rendered":"https:\/\/linitiative.ca\/International\/ligue-des-champions-ldc-manchester-city-real-madrid-reporte\/"},"modified":"2020-03-12T15:14:27","modified_gmt":"2020-03-12T19:14:27","slug":"ligue-des-champions-ldc-manchester-city-real-madrid-reporte","status":"publish","type":"post","link":"https:\/\/linitiative.ca\/International\/ligue-des-champions-ldc-manchester-city-real-madrid-reporte\/","title":{"rendered":"Ligue des Champions : LdC: Manchester City-Real Madrid report\u00e9 !"},"content":{"rendered":"<div readability=\"32\">\n<p>Auteur : <span class=\"time\">jeudi 12 mars 2020 18:06<\/span><\/p>\n<\/div>\n<div id=\"post_core\" readability=\"42\">\n<p>Comme attendu, le 8e de finale retour de la Ligue des Champions entre Manchester City et le Real Madrid, initialement pr\u00e9vu mardi, a \u00e9t\u00e9 report\u00e9 \u00e0 une date ult\u00e9rieure. En effet, l&rsquo;UEFA a pris cette d\u00e9cision en raison de la mise en quarantaine de la formation espagnole, avec un joueur de la section basket officiellement porteur du coronavirus rapporte Maxifoot.fr.<\/p>\n<p><strong>Publi\u00e9 dans :<\/strong> <span>Manchester City<\/span> <span>Real<\/span><\/p>\n<\/div>\n<p>Auteur:<br \/>\n<a href=\"http:\/\/www.lebuteur.com\/article\/detail?titre=ldc-manchester-city-real-madrid-reporte&#038;id=95267&#038;utm_source=feedburner&#038;utm_medium=feed&#038;utm_campaign=Feed%3A+GalerieFArtciles+%28Les+derniers+articles++-+lebuteur.com%29\">Cliquez ici pour lire l&rsquo;article depuis sa source.<\/a><\/p>\n","protected":false},"excerpt":{"rendered":"<p>Auteur : jeudi 12 mars 2020 18:06 Comme attendu, le 8e de finale retour de la Ligue des Champions entre Manchester City et le Real Madrid, initialement pr\u00e9vu mardi, a \u00e9t\u00e9 report\u00e9 \u00e0 une date ult\u00e9rieure. En effet, l&rsquo;UEFA a pris cette d\u00e9cision en raison de la mise en quarantaine de la formation espagnole, avec [&hellip;]<\/p>\n","protected":false},"author":1738,"featured_media":78864,"comment_status":"closed","ping_status":"closed","sticky":false,"template":"","format":"standard","meta":{"fifu_image_url":"","fifu_image_alt":"","footnotes":""},"categories":[53,75],"tags":[],"class_list":["post-78863","post","type-post","status-publish","format-standard","has-post-thumbnail","hentry","category-algerie","category-sport"],"_links":{"self":[{"href":"https:\/\/linitiative.ca\/International\/wp-json\/wp\/v2\/posts\/78863","targetHints":{"allow":["GET"]}}],"collection":[{"href":"https:\/\/linitiative.ca\/International\/wp-json\/wp\/v2\/posts"}],"about":[{"href":"https:\/\/linitiative.ca\/International\/wp-json\/wp\/v2\/types\/post"}],"author":[{"embeddable":true,"href":"https:\/\/linitiative.ca\/International\/wp-json\/wp\/v2\/users\/1738"}],"replies":[{"embeddable":true,"href":"https:\/\/linitiative.ca\/International\/wp-json\/wp\/v2\/comments?post=78863"}],"version-history":[{"count":0,"href":"https:\/\/linitiative.ca\/International\/wp-json\/wp\/v2\/posts\/78863\/revisions"}],"wp:featuredmedia":[{"embeddable":true,"href":"https:\/\/linitiative.ca\/International\/wp-json\/"}],"wp:attachment":[{"href":"https:\/\/linitiative.ca\/International\/wp-json\/wp\/v2\/media?parent=78863"}],"wp:term":[{"taxonomy":"category","embeddable":true,"href":"https:\/\/linitiative.ca\/International\/wp-json\/wp\/v2\/categories?post=78863"},{"taxonomy":"post_tag","embeddable":true,"href":"https:\/\/linitiative.ca\/International\/wp-json\/wp\/v2\/tags?post=78863"}],"curies":[{"name":"wp","href":"https:\/\/api.w.org\/{rel}","templated":true}]}}