{"id":78867,"date":"2020-03-11T19:00:00","date_gmt":"2020-03-11T23:00:00","guid":{"rendered":"https:\/\/linitiative.ca\/International\/prevention-contre-le-coronavirus-le-sg-du-ministere-de-linterieur-preside-linstallation-de-la-commission-multisectorielle\/"},"modified":"2020-03-11T19:00:00","modified_gmt":"2020-03-11T23:00:00","slug":"prevention-contre-le-coronavirus-le-sg-du-ministere-de-linterieur-preside-linstallation-de-la-commission-multisectorielle","status":"publish","type":"post","link":"https:\/\/linitiative.ca\/International\/prevention-contre-le-coronavirus-le-sg-du-ministere-de-linterieur-preside-linstallation-de-la-commission-multisectorielle\/","title":{"rendered":"Pr\u00e9vention contre le Coronavirus : Le SG du minist\u00e8re de l\u2019int\u00e9rieur pr\u00e9side l\u2019installation  de la commission multisectorielle"},"content":{"rendered":"<div class=\"TxArtcile\" readability=\"42\">\n<p>\u00a0En application de l\u2019instruction du Premier ministre, Abdelaziz Djerad, concernant\u00a0\u00a0 la mise en place d\u2019un syst\u00e8me national pour faire face aux menaces du coronavirus (Covid-19), le secr\u00e9taire g\u00e9n\u00e9ral du minist\u00e8re de l\u2019Int\u00e9rieur des Collectivit\u00e9s locales et de l\u2019Am\u00e9nagement du territoire, Mounji Abdallah, a pr\u00e9sid\u00e9 l\u2019installation\u00a0 de la commission multisectorielle de pr\u00e9vention, de suivi et de lutte contre la propagation du coronavirus, annonce le site du minist\u00e8re. La commission, compos\u00e9e de 15 d\u00e9partements minist\u00e9riels, \u00e0 savoir les Affaires \u00e9trang\u00e8res, l\u2019Int\u00e9rieur, la Justice, les Finances, l\u2019Industrie\u00a0 et les Mines, la Sant\u00e9, le Commerce, les Travaux publics et les Transports, la Jeunesse et les Sports, l\u2019Education, l\u2019Enseignement sup\u00e9rieur, les Affaires religieuses, la Formation et l\u2019Enseignement professionnels, la Communication, la Culture, ainsi que la gendarmerie nationale, la protection civile et la s\u00fbret\u00e9 nationale, a pour principal objectif de rehausser le degr\u00e9 de vigilance, renforcer les capacit\u00e9s de pr\u00e9vention pour endiguer la propagation du virus, mais \u00e9galement mettre en place et veiller \u00e0 faire r\u00e9ussir la strat\u00e9gie nationale de pr\u00e9vention et de lutte contre le virus en question.<br \/>En marge de l\u2019installation, le secr\u00e9taire g\u00e9n\u00e9ral a affirm\u00e9 que \u00abla situation est surmontable avec la conjugaison des efforts de tous les d\u00e9partements concern\u00e9s\u00bb, tout en relevant les principales missions de ladite commission ax\u00e9es sur la garantie du suivi permanent pour identifier les cas suspects de contamination, proposer et ex\u00e9cuter les m\u00e9canismes de surveillance des mesures prises et leurs renforcement \u00e0 travers l\u2019augmentation des niveaux d\u2019alerte du syst\u00e8me national de sant\u00e9, ainsi que l\u2019\u00e9laboration de rapports quotidiens concernant l\u2019application des dispositions de l\u2019instruction du Premier ministre.<\/p>\n<\/div>\n<div class=\"ModliArtilUne\">\n<ul>\n<li><strong>Publi\u00e9 dans :<\/strong><\/li>\n<\/ul>\n<\/div>\n<div class=\"MbComIns\" id=\"newcom\" readability=\"5.69402985075\">\n<h6>DONNEZ VOTRE AVIS<\/h6>\n<p>Il n&rsquo;y a actuellement aucune r\u00e9action \u00e0 cette information. Soyez le premier \u00e0 r\u00e9agir !<\/p>\n<p><a href=\"\" rel=\"#popup\" class=\"login resetbutton\">Identifiez-vous<\/a><a class=\"button\" href=\"http:\/\/www.elmoudjahid.com\/fr\/inscription\/\"><span>S&rsquo;inscrire<\/span><\/a><\/p>\n<\/div>\n<p>Auteur: elmoudjahid<br \/>\n<a href=\"http:\/\/www.elmoudjahid.com\/fr\/actualites\/149754\">Cliquez ici pour lire l&rsquo;article depuis sa source.<\/a><\/p>\n","protected":false},"excerpt":{"rendered":"<p>\u00a0En application de l\u2019instruction du Premier ministre, Abdelaziz Djerad, concernant\u00a0\u00a0 la mise en place d\u2019un syst\u00e8me national pour faire face aux menaces du coronavirus (Covid-19), le secr\u00e9taire g\u00e9n\u00e9ral du minist\u00e8re de l\u2019Int\u00e9rieur des Collectivit\u00e9s locales et de l\u2019Am\u00e9nagement du territoire, Mounji Abdallah, a pr\u00e9sid\u00e9 l\u2019installation\u00a0 de la commission multisectorielle de pr\u00e9vention, de suivi et de [&hellip;]<\/p>\n","protected":false},"author":1744,"featured_media":0,"comment_status":"closed","ping_status":"closed","sticky":false,"template":"","format":"standard","meta":{"fifu_image_url":"","fifu_image_alt":"","footnotes":""},"categories":[73,53],"tags":[],"class_list":["post-78867","post","type-post","status-publish","format-standard","hentry","category-actualite","category-algerie"],"_links":{"self":[{"href":"https:\/\/linitiative.ca\/International\/wp-json\/wp\/v2\/posts\/78867","targetHints":{"allow":["GET"]}}],"collection":[{"href":"https:\/\/linitiative.ca\/International\/wp-json\/wp\/v2\/posts"}],"about":[{"href":"https:\/\/linitiative.ca\/International\/wp-json\/wp\/v2\/types\/post"}],"author":[{"embeddable":true,"href":"https:\/\/linitiative.ca\/International\/wp-json\/wp\/v2\/users\/1744"}],"replies":[{"embeddable":true,"href":"https:\/\/linitiative.ca\/International\/wp-json\/wp\/v2\/comments?post=78867"}],"version-history":[{"count":0,"href":"https:\/\/linitiative.ca\/International\/wp-json\/wp\/v2\/posts\/78867\/revisions"}],"wp:attachment":[{"href":"https:\/\/linitiative.ca\/International\/wp-json\/wp\/v2\/media?parent=78867"}],"wp:term":[{"taxonomy":"category","embeddable":true,"href":"https:\/\/linitiative.ca\/International\/wp-json\/wp\/v2\/categories?post=78867"},{"taxonomy":"post_tag","embeddable":true,"href":"https:\/\/linitiative.ca\/International\/wp-json\/wp\/v2\/tags?post=78867"}],"curies":[{"name":"wp","href":"https:\/\/api.w.org\/{rel}","templated":true}]}}