{"id":78868,"date":"2020-03-12T10:30:00","date_gmt":"2020-03-12T14:30:00","guid":{"rendered":"https:\/\/linitiative.ca\/International\/coronavirus-les-vacances-de-printemps-avancees-dune-semaine\/"},"modified":"2020-03-12T10:30:00","modified_gmt":"2020-03-12T14:30:00","slug":"coronavirus-les-vacances-de-printemps-avancees-dune-semaine","status":"publish","type":"post","link":"https:\/\/linitiative.ca\/International\/coronavirus-les-vacances-de-printemps-avancees-dune-semaine\/","title":{"rendered":"Coronavirus: Les vacances de printemps avanc\u00e9es d&rsquo;une semaine"},"content":{"rendered":"<p><h2>\u00a0<\/h2>\n<\/p>\n<div readability=\"28\">\n<p>\u00ab\u00a0En application de la d\u00e9cision du Pr\u00e9sident de la R\u00e9publique, Abdelmadjid Tebboune portant fermeture des \u00e9tablissements \u00e9ducatifs \u00e0 partir de jeudi 12 mars 2020 jusqu&rsquo;\u00e0 la fin des vacances de printemps, comme mesure pr\u00e9ventive contre la propagation du coronavirus (Covid-19), le minist\u00e8re de\u00a0l&rsquo;Education nationale annonce que les vacances de printemps, pr\u00e9vues le 19 mars, seront avanc\u00e9es d&rsquo;une semaine, soit jeudi 12 mars 2020, et ce au niveau de tous les \u00e9tablissements scolaires et \u00e9ducatifs des trois cycles d&rsquo;enseignement\u00a0\u00bb, pr\u00e9cise le communiqu\u00e9.\u00a0\u00a0<\/p>\n<blockquote readability=\"5\">\n<p><strong>Les vacances de printemps prendront fin le dimanche 05 avril.<\/strong><\/p>\n<\/blockquote>\n<p>Le Pr\u00e9sident de la R\u00e9publique, Abdelmadjid Tebboune avait ordonn\u00e9 la fermeture des \u00e9coles dans les trois cycles d&rsquo;enseignement, ainsi que les Universit\u00e9s et les \u00e9tablissements de formation professionnelle, \u00e0 partir de jeudi jusqu&rsquo;\u00e0 la fin des vacances de printemps, le 5 avril afin d&rsquo;\u00e9viter la propagation du coronavirus.<\/p>\n<p>APS<\/p>\n<\/div>\n<p>Auteur: elmoudjahid<br \/>\n<a href=\"http:\/\/www.elmoudjahid.com\/fr\/actualites\/149755\">Cliquez ici pour lire l&rsquo;article depuis sa source.<\/a><\/p>\n","protected":false},"excerpt":{"rendered":"<p>\u00a0 \u00ab\u00a0En application de la d\u00e9cision du Pr\u00e9sident de la R\u00e9publique, Abdelmadjid Tebboune portant fermeture des \u00e9tablissements \u00e9ducatifs \u00e0 partir de jeudi 12 mars 2020 jusqu&rsquo;\u00e0 la fin des vacances de printemps, comme mesure pr\u00e9ventive contre la propagation du coronavirus (Covid-19), le minist\u00e8re de\u00a0l&rsquo;Education nationale annonce que les vacances de printemps, pr\u00e9vues le 19 mars, [&hellip;]<\/p>\n","protected":false},"author":1744,"featured_media":0,"comment_status":"closed","ping_status":"closed","sticky":false,"template":"","format":"standard","meta":{"fifu_image_url":"","fifu_image_alt":"","footnotes":""},"categories":[73,53],"tags":[],"class_list":["post-78868","post","type-post","status-publish","format-standard","hentry","category-actualite","category-algerie"],"_links":{"self":[{"href":"https:\/\/linitiative.ca\/International\/wp-json\/wp\/v2\/posts\/78868","targetHints":{"allow":["GET"]}}],"collection":[{"href":"https:\/\/linitiative.ca\/International\/wp-json\/wp\/v2\/posts"}],"about":[{"href":"https:\/\/linitiative.ca\/International\/wp-json\/wp\/v2\/types\/post"}],"author":[{"embeddable":true,"href":"https:\/\/linitiative.ca\/International\/wp-json\/wp\/v2\/users\/1744"}],"replies":[{"embeddable":true,"href":"https:\/\/linitiative.ca\/International\/wp-json\/wp\/v2\/comments?post=78868"}],"version-history":[{"count":0,"href":"https:\/\/linitiative.ca\/International\/wp-json\/wp\/v2\/posts\/78868\/revisions"}],"wp:attachment":[{"href":"https:\/\/linitiative.ca\/International\/wp-json\/wp\/v2\/media?parent=78868"}],"wp:term":[{"taxonomy":"category","embeddable":true,"href":"https:\/\/linitiative.ca\/International\/wp-json\/wp\/v2\/categories?post=78868"},{"taxonomy":"post_tag","embeddable":true,"href":"https:\/\/linitiative.ca\/International\/wp-json\/wp\/v2\/tags?post=78868"}],"curies":[{"name":"wp","href":"https:\/\/api.w.org\/{rel}","templated":true}]}}