{"id":78870,"date":"2020-03-12T07:30:00","date_gmt":"2020-03-12T11:30:00","guid":{"rendered":"https:\/\/linitiative.ca\/International\/le-general-major-chanegriha-appelle-les-elements-de-larmee-a-faire-preuve-dun-total-sens-de-responsabilite-2\/"},"modified":"2020-03-12T07:30:00","modified_gmt":"2020-03-12T11:30:00","slug":"le-general-major-chanegriha-appelle-les-elements-de-larmee-a-faire-preuve-dun-total-sens-de-responsabilite-2","status":"publish","type":"post","link":"https:\/\/linitiative.ca\/International\/le-general-major-chanegriha-appelle-les-elements-de-larmee-a-faire-preuve-dun-total-sens-de-responsabilite-2\/","title":{"rendered":"Le G\u00e9n\u00e9ral-Major Chanegriha appelle les \u00e9l\u00e9ments de l&rsquo;Arm\u00e9e \u00e0 faire preuve d\u2019un total sens de responsabilit\u00e9"},"content":{"rendered":"<p>Dans une allocution d&rsquo;orientation, prononc\u00e9e \u00e0 l&rsquo;occasion, le g\u00e9n\u00e9ral-major a appel\u00e9 \u00ab\u00a0les cadres de la R\u00e9gion \u00e0 consentir davantage d\u2019efforts, avec assiduit\u00e9, professionnalisme, d\u00e9vouement et abn\u00e9gation, afin de faire honneur au m\u00e9tier militaire et servir notre cher pays\u00a0\u00bb.\u00a0\u00a0\u00bb A la lumi\u00e8re de cette nouvelle \u00e9tape et au regard de la vitalit\u00e9 des missions qui sont assign\u00e9es \u00e0 l\u2019Arm\u00e9e nationale populaire, je vous appelle tous, \u00e0 cette occasion, \u00e0 faire preuve d\u2019un total sens de responsabilit\u00e9, je dis bien un total sens de responsabilit\u00e9 dans l\u2019accomplissement des missions assign\u00e9es et de pr\u00e9server l\u2019image de marque de votre Arm\u00e9e et de votre patrie\u00a0\u00bba t-il pr\u00e9cis\u00e9.\u00a0Il les a \u00e9galement exhort\u00e9 \u00ab\u00a0\u00e0 faire preuve de discipline exemplaire et de grande moralit\u00e9, et \u00e0 consentir davantage d\u2019efforts, avec assiduit\u00e9, professionnalisme, d\u00e9vouement et abn\u00e9gation, afin de faire honneur \u00e0 votre m\u00e9tier et servir votre pays\u00a0\u00bb.\u00a0\u00bbSoyez, donc, \u00e0 la hauteur de la confiance plac\u00e9e en vous et de la lourde responsabilit\u00e9 que vous assumez \u00e0 l\u2019\u00e9gard de votre pays et votre peuple\u00a0\u00bb, a t-il ajout\u00e9.\u00a0Le G\u00e9n\u00e9ral-Major a, \u00e0 l&rsquo;occasion tenu une rencontre avec le Commandement, les cadres et les personnels de la R\u00e9gion, o\u00f9 il a prononc\u00e9 une allocution d&rsquo;orientation, qui a \u00e9t\u00e9 diffus\u00e9e via visioconf\u00e9rence \u00e0 toutes les unit\u00e9s de la R\u00e9gion, et \u00e0 travers laquelle il a f\u00e9licit\u00e9 \u00ab\u00a0les deux Commandants qui ont consacr\u00e9 toute leur vie au service de l&rsquo;ANP et de l&rsquo;Alg\u00e9rie\u00a0\u00bb, et rappel\u00e9 \u00ab\u00a0la ferme d\u00e9termination du Haut Commandement de l&rsquo;ANP \u00e0 continuer de travailler avec une grande pers\u00e9v\u00e9rance pour d\u00e9velopper toutes les composantes de nos Forces Arm\u00e9es, conform\u00e9ment aux orientations du Pr\u00e9sident de la R\u00e9publique, Chef Supr\u00eame des Forces Arm\u00e9es, ministre de la D\u00e9fense nationale\u00a0\u00bb.<\/p>\n<p>\u00ab\u00a0Commander les hommes est une responsabilit\u00e9 extr\u00eamement noble et importante, elle n&rsquo;est ni simple ni facile, comme certains peuvent le penser et la responsabilit\u00e9 a ses param\u00e8tres et conditions bien d\u00e9finis\u00a0\u00bb, a not\u00e9 M.Chanegriha ajoutant qu'\u00a0\u00bb\u00e0 ce titre pr\u00e9cis\u00e9ment, nous \u0153uvrons sans r\u00e9pit, conform\u00e9ment aux orientations du Pr\u00e9sident de la R\u00e9publique, \u00e0 ce que nos d\u00e9marches dans ce domaine soient m\u00e9thodiques, organis\u00e9es et r\u00e9solues pour atteindre les r\u00e9sultats escompt\u00e9s, lesquels ne peuvent se concr\u00e9tiser sur le terrain qu\u2019\u00e0 travers l\u2019adoption de crit\u00e8res objectifs en termes de d\u00e9signation dans les fonctions et les postes de responsabilit\u00e9 et de choix des hommes comp\u00e9tents, qui r\u00e9pondent aux normes de sacralisation du travail, du s\u00e9rieux, d&rsquo;int\u00e9grit\u00e9 et de d\u00e9vouement \u00e0 l&rsquo;Arm\u00e9e nationale populaire et \u00e0 la patrie\u00a0\u00bb..<\/p>\n<p>A l&rsquo;issue de cette rencontre, le G\u00e9n\u00e9ral-Major, Chef d\u2019Etat-Major de l\u2019ANP par int\u00e9rim a \u00e9cout\u00e9 les interventions des cadres et des personnels de la R\u00e9gion, qui ont exprim\u00e9 leur fiert\u00e9 des \u00e9volutions qu&rsquo;enregistre l&rsquo;ANP sur tous les \u00e9chelons et leur engagement \u00e0 s\u2019acquitter de leurs missions de jour comme de nuit en toutes conditions et circonstances.<\/p>\n<p>A noter qu&rsquo;apr\u00e8s la c\u00e9r\u00e9monie d&rsquo;accueil, le G\u00e9n\u00e9ral-Major Sa\u00efd Chanegriha, a observ\u00e9, en compagnie du G\u00e9n\u00e9ral-Major Ammar Atamnia, un moment de recueillement \u00e0 la m\u00e9moire du vaillant Chahid \u00ab\u00a0Zighoud Youcef\u00a0\u00bb, chef de la 2e Wilaya Historique et architecte des offensives du Nord Constantinois, le 20 ao\u00fbt 1955, dont le nom est port\u00e9 par le si\u00e8ge du Commandement de la R\u00e9gion.<\/p>\n<p>Pour la circonstance, le G\u00e9n\u00e9ral-Major a d\u00e9pos\u00e9 une gerbe de fleurs devant la st\u00e8le comm\u00e9morative et r\u00e9cit\u00e9 la Fatiha \u00e0 sa m\u00e9moire et \u00e0 celle des valeureux Chouhada.<\/p>\n<p>Il a ensuite, pass\u00e9 en revue les carr\u00e9s des cadres et personnels de la R\u00e9gion, align\u00e9s au niveau de la place d\u2019armes, pour proc\u00e9der ensuite \u00e0 l\u2019installation officielle du G\u00e9n\u00e9ral-Major Noureddine Hambli dans les fonctions de Commandant de la 5e R\u00e9gion Militaire.<\/p>\n<p>\u00ab\u00a0Au nom de Monsieur le Pr\u00e9sident de la R\u00e9publique, Chef Supr\u00eame des Forces Arm\u00e9es, Ministre de la D\u00e9fense Nationale et conform\u00e9ment au D\u00e9cret Pr\u00e9sidentiel du 07 mars 2020, j\u2019installe officiellement, le G\u00e9n\u00e9ral-Major Noureddine Hambli, dans les fonctions de Commandant de la 5e R\u00e9gion Militaire, en succession du G\u00e9n\u00e9ral-Major Ammar Atamnia\u00a0\u00bb.<\/p>\n<p>A cet effet, \u00ab\u00a0je vous ordonne d\u2019exercer sous son autorit\u00e9 et d&rsquo;ex\u00e9cuter ses ordres et ses instructions dans l&rsquo;int\u00e9r\u00eat du service, conform\u00e9ment au r\u00e8glement militaire et aux lois de la R\u00e9publique en vigueur, et par fid\u00e9lit\u00e9 aux sacrifices de nos vaillants Chouhada et aux valeurs de notre Glorieuse R\u00e9volution.\u00a0Qu&rsquo;Allah nous aide\u00a0\u00bb.<\/p>\n<p>Le G\u00e9n\u00e9ral-Major a, ensuite, supervis\u00e9 la c\u00e9r\u00e9monie de passation de l&#8217;embl\u00e8me national.\u00a0APS<\/p>\n<p>Auteur: elmoudjahid<br \/>\n<a href=\"http:\/\/www.elmoudjahid.com\/fr\/actualites\/149757\">Cliquez ici pour lire l&rsquo;article depuis sa source.<\/a><\/p>\n","protected":false},"excerpt":{"rendered":"<p>Dans une allocution d&rsquo;orientation, prononc\u00e9e \u00e0 l&rsquo;occasion, le g\u00e9n\u00e9ral-major a appel\u00e9 \u00ab\u00a0les cadres de la R\u00e9gion \u00e0 consentir davantage d\u2019efforts, avec assiduit\u00e9, professionnalisme, d\u00e9vouement et abn\u00e9gation, afin de faire honneur au m\u00e9tier militaire et servir notre cher pays\u00a0\u00bb.\u00a0\u00a0\u00bb A la lumi\u00e8re de cette nouvelle \u00e9tape et au regard de la vitalit\u00e9 des missions qui sont [&hellip;]<\/p>\n","protected":false},"author":1744,"featured_media":0,"comment_status":"closed","ping_status":"closed","sticky":false,"template":"","format":"standard","meta":{"fifu_image_url":"","fifu_image_alt":"","footnotes":""},"categories":[73,53],"tags":[],"class_list":["post-78870","post","type-post","status-publish","format-standard","hentry","category-actualite","category-algerie"],"_links":{"self":[{"href":"https:\/\/linitiative.ca\/International\/wp-json\/wp\/v2\/posts\/78870","targetHints":{"allow":["GET"]}}],"collection":[{"href":"https:\/\/linitiative.ca\/International\/wp-json\/wp\/v2\/posts"}],"about":[{"href":"https:\/\/linitiative.ca\/International\/wp-json\/wp\/v2\/types\/post"}],"author":[{"embeddable":true,"href":"https:\/\/linitiative.ca\/International\/wp-json\/wp\/v2\/users\/1744"}],"replies":[{"embeddable":true,"href":"https:\/\/linitiative.ca\/International\/wp-json\/wp\/v2\/comments?post=78870"}],"version-history":[{"count":0,"href":"https:\/\/linitiative.ca\/International\/wp-json\/wp\/v2\/posts\/78870\/revisions"}],"wp:attachment":[{"href":"https:\/\/linitiative.ca\/International\/wp-json\/wp\/v2\/media?parent=78870"}],"wp:term":[{"taxonomy":"category","embeddable":true,"href":"https:\/\/linitiative.ca\/International\/wp-json\/wp\/v2\/categories?post=78870"},{"taxonomy":"post_tag","embeddable":true,"href":"https:\/\/linitiative.ca\/International\/wp-json\/wp\/v2\/tags?post=78870"}],"curies":[{"name":"wp","href":"https:\/\/api.w.org\/{rel}","templated":true}]}}