{"id":78871,"date":"2020-03-12T13:00:00","date_gmt":"2020-03-12T17:00:00","guid":{"rendered":"https:\/\/linitiative.ca\/International\/le-president-tebboune-recoit-le-ministre-francais-de-leurope-et-des-affaires-etrangeres\/"},"modified":"2020-03-12T13:00:00","modified_gmt":"2020-03-12T17:00:00","slug":"le-president-tebboune-recoit-le-ministre-francais-de-leurope-et-des-affaires-etrangeres","status":"publish","type":"post","link":"https:\/\/linitiative.ca\/International\/le-president-tebboune-recoit-le-ministre-francais-de-leurope-et-des-affaires-etrangeres\/","title":{"rendered":"Le Pr\u00e9sident Tebboune re\u00e7oit le ministre fran\u00e7ais de l&rsquo;Europe et des Affaires \u00e9trang\u00e8res"},"content":{"rendered":"<p>L&rsquo;audience qui s&rsquo;est tenue au si\u00e8ge de la pr\u00e9sidence de la R\u00e9publique, s&rsquo;est d\u00e9roul\u00e9e en pr\u00e9sence du directeur de cabinet de la pr\u00e9sidence, Noureddine Baghdad Daidj, du ministre des Affaires \u00e9trang\u00e8res, Sabri Boukadoum et du ministre conseiller \u00e0 la communication, porte-parole officiel de la pr\u00e9sidence de la R\u00e9publique, Bela\u00efd Mohand Oussa\u00efd.<\/p>\n<p>APS<\/p>\n<p>Auteur: elmoudjahid<br \/>\n<a href=\"http:\/\/www.elmoudjahid.com\/fr\/actualites\/149758\">Cliquez ici pour lire l&rsquo;article depuis sa source.<\/a><\/p>\n","protected":false},"excerpt":{"rendered":"<p>L&rsquo;audience qui s&rsquo;est tenue au si\u00e8ge de la pr\u00e9sidence de la R\u00e9publique, s&rsquo;est d\u00e9roul\u00e9e en pr\u00e9sence du directeur de cabinet de la pr\u00e9sidence, Noureddine Baghdad Daidj, du ministre des Affaires \u00e9trang\u00e8res, Sabri Boukadoum et du ministre conseiller \u00e0 la communication, porte-parole officiel de la pr\u00e9sidence de la R\u00e9publique, Bela\u00efd Mohand Oussa\u00efd. APS Auteur: elmoudjahid Cliquez [&hellip;]<\/p>\n","protected":false},"author":1744,"featured_media":0,"comment_status":"closed","ping_status":"closed","sticky":false,"template":"","format":"standard","meta":{"fifu_image_url":"","fifu_image_alt":"","footnotes":""},"categories":[73,53],"tags":[],"class_list":["post-78871","post","type-post","status-publish","format-standard","hentry","category-actualite","category-algerie"],"_links":{"self":[{"href":"https:\/\/linitiative.ca\/International\/wp-json\/wp\/v2\/posts\/78871","targetHints":{"allow":["GET"]}}],"collection":[{"href":"https:\/\/linitiative.ca\/International\/wp-json\/wp\/v2\/posts"}],"about":[{"href":"https:\/\/linitiative.ca\/International\/wp-json\/wp\/v2\/types\/post"}],"author":[{"embeddable":true,"href":"https:\/\/linitiative.ca\/International\/wp-json\/wp\/v2\/users\/1744"}],"replies":[{"embeddable":true,"href":"https:\/\/linitiative.ca\/International\/wp-json\/wp\/v2\/comments?post=78871"}],"version-history":[{"count":0,"href":"https:\/\/linitiative.ca\/International\/wp-json\/wp\/v2\/posts\/78871\/revisions"}],"wp:attachment":[{"href":"https:\/\/linitiative.ca\/International\/wp-json\/wp\/v2\/media?parent=78871"}],"wp:term":[{"taxonomy":"category","embeddable":true,"href":"https:\/\/linitiative.ca\/International\/wp-json\/wp\/v2\/categories?post=78871"},{"taxonomy":"post_tag","embeddable":true,"href":"https:\/\/linitiative.ca\/International\/wp-json\/wp\/v2\/tags?post=78871"}],"curies":[{"name":"wp","href":"https:\/\/api.w.org\/{rel}","templated":true}]}}