{"id":78872,"date":"2020-03-12T08:41:15","date_gmt":"2020-03-12T12:41:15","guid":{"rendered":"https:\/\/linitiative.ca\/International\/102918-football-ligue1-coronavirus-le-huis-clos-applique-une-fois-les-mesures-preventives-levees\/"},"modified":"2020-03-12T08:41:15","modified_gmt":"2020-03-12T12:41:15","slug":"102918-football-ligue1-coronavirus-le-huis-clos-applique-une-fois-les-mesures-preventives-levees","status":"publish","type":"post","link":"https:\/\/linitiative.ca\/International\/102918-football-ligue1-coronavirus-le-huis-clos-applique-une-fois-les-mesures-preventives-levees\/","title":{"rendered":"Ligue1 &#8211; Coronavirus: le huis clos appliqu\u00e9 une fois les mesures pr\u00e9ventives lev\u00e9es"},"content":{"rendered":"<p><span class=\"sp-nh-title\">Un Comit\u00e9 interminist\u00e9riel alg\u00e9ro-fran\u00e7ais de haut niveau en juillet<\/span> &#8211; <span class=\"sp-nh-date\">jeudi 12 mars 2020 19:48<\/span><\/p>\n<p><span class=\"sp-nh-title\">Le Pr\u00e9sident de la R\u00e9publique re\u00e7oit le ministre fran\u00e7ais des Affaires \u00e9trang\u00e8res<\/span> &#8211; <span class=\"sp-nh-date\">jeudi 12 mars 2020 19:40<\/span><\/p>\n<p><span class=\"sp-nh-title\">Nouvelle a\u00e9rogare d\u2019Oran : le taux d\u2019avancement des travaux a atteint les 94%<\/span> &#8211; <span class=\"sp-nh-date\">jeudi 12 mars 2020 19:35<\/span><\/p>\n<p><span class=\"sp-nh-title\">Le prochain amendement de la Constitution contribuera \u00e0 rattraper les insuffisances et lacunes \u00a0<\/span> &#8211; <span class=\"sp-nh-date\">jeudi 12 mars 2020 19:21<\/span><\/p>\n<p><span class=\"sp-nh-title\">Moudjahidine et ayants-droits: la comptabilisation des ann\u00e9es de la R\u00e9volution comme p\u00e9riode de travail<\/span> &#8211; <span class=\"sp-nh-date\">jeudi 12 mars 2020 18:59<\/span><\/p>\n<p><span class=\"sp-nh-title\">Coronavirus: Les vacances de printemps avanc\u00e9es d&rsquo;une semaine \u00a0<\/span> &#8211; <span class=\"sp-nh-date\">jeudi 12 mars 2020 18:54<\/span><\/p>\n<p><span class=\"sp-nh-title\">GPLc: le taux de stations d&rsquo;essence \u00e9quip\u00e9es de distributeurs Sirghaz port\u00e9 \u00e0 75% \u00e0 l&rsquo;horizon 2023<\/span> &#8211; <span class=\"sp-nh-date\">jeudi 12 mars 2020 18:46<\/span><\/p>\n<p><span class=\"sp-nh-title\">R\u00e8glement de la crise en Libye: la coop\u00e9ration entre l&rsquo;ONU et l&rsquo;UA est essentielle<\/span> &#8211; <span class=\"sp-nh-date\">jeudi 12 mars 2020 18:31<\/span><\/p>\n<p><span class=\"sp-nh-title\">Le Pr\u00e9sident Tebboune re\u00e7oit le ministre fran\u00e7ais de l&rsquo;Europe et des Affaires \u00e9trang\u00e8res<\/span> &#8211; <span class=\"sp-nh-date\">jeudi 12 mars 2020 18:25<\/span><\/p>\n<p><span class=\"sp-nh-title\">Tamanrasset: faire pr\u00e9valoir l\u2019approche de r\u00e9conciliation afin de cimenter la coh\u00e9sion sociale<\/span> &#8211; <span class=\"sp-nh-date\">jeudi 12 mars 2020 18:07<\/span><\/p>\n<p><span class=\"sp-nh-title\">Arkab: Taux de raccordement au r\u00e9seau de gaz naturel de 95% \u00e0 l&rsquo;horizon 2024<\/span> &#8211; <span class=\"sp-nh-date\">jeudi 12 mars 2020 18:02<\/span><\/p>\n<p><span class=\"sp-nh-title\">Rezig re\u00e7oit une d\u00e9l\u00e9gation du FCE et le pr\u00e9sident du Conseil d&rsquo;administration du groupe saoudien Global Investment house<\/span> &#8211; <span class=\"sp-nh-date\">jeudi 12 mars 2020 17:46<\/span><\/p>\n<p><span class=\"sp-nh-title\">Le minist\u00e8re de l&rsquo;Energie et l&rsquo;initiative Desertec signeront un m\u00e9morandum d&rsquo;entente en avril<\/span> &#8211; <span class=\"sp-nh-date\">jeudi 12 mars 2020 17:41<\/span><\/p>\n<p><span class=\"sp-nh-title\">Le G\u00e9n\u00e9ral-Major Chanegriha appelle les \u00e9l\u00e9ments de l&rsquo;Arm\u00e9e \u00e0 faire preuve d\u2019un total sens de responsabilit\u00e9<\/span> &#8211; <span class=\"sp-nh-date\">jeudi 12 mars 2020 17:34<\/span><\/p>\n<p><span class=\"sp-nh-title\">Les dirigeants africains r\u00e9affirment leur engagement \u00e0 tenir la Conf\u00e9rence de r\u00e9conciliation inter-libyenne \u00a0<\/span> &#8211; <span class=\"sp-nh-date\">jeudi 12 mars 2020 17:23<\/span><\/p>\n<p><span class=\"sp-nh-title\">ONU: le Conseil des droits de l&rsquo;Homme appel\u00e9 \u00e0 contribuer \u00e0 l&rsquo;organisation du r\u00e9f\u00e9rendum au Sahara occidental \u00a0<\/span> &#8211; <span class=\"sp-nh-date\">jeudi 12 mars 2020 16:59<\/span><\/p>\n<p><span class=\"sp-nh-title\">La communaut\u00e9 internationale appel\u00e9e \u00e0 redoubler d&rsquo;efforts pour soutenir le peuple sahraoui \u00a0<\/span> &#8211; <span class=\"sp-nh-date\">jeudi 12 mars 2020 16:55<\/span><\/p>\n<p><span class=\"sp-nh-title\">P\u00e9trole: accord Opep-Non Opep toujours en vigueur \u00a0<\/span> &#8211; <span class=\"sp-nh-date\">jeudi 12 mars 2020 16:23<\/span><\/p>\n<p><span class=\"sp-nh-title\">Coronavirus: le Centre alg\u00e9rien de la Cin\u00e9matographie suspend ses activit\u00e9s \u00a0<\/span> &#8211; <span class=\"sp-nh-date\">jeudi 12 mars 2020 16:16<\/span><\/p>\n<p><span class=\"sp-nh-title\">L&rsquo;Alg\u00e9rie r\u00e9it\u00e8re \u00e0 Oyo sa disponibilit\u00e9 \u00e0 abriter la conf\u00e9rence inter-libyenne de r\u00e9conciliation<\/span> &#8211; <span class=\"sp-nh-date\">jeudi 12 mars 2020 16:14<\/span><\/p>\n<p>Auteur:<br \/>\n<a href=\"http:\/\/www.aps.dz\/sport\/102918-football-ligue1-coronavirus-le-huis-clos-applique-une-fois-les-mesures-preventives-levees?utm_source=feedburner&#038;utm_medium=feed&#038;utm_campaign=Feed%3A+aps-sport+%28APS+-+SPORT%29\">Cliquez ici pour lire l&rsquo;article depuis sa source.<\/a><\/p>\n","protected":false},"excerpt":{"rendered":"<p>Un Comit\u00e9 interminist\u00e9riel alg\u00e9ro-fran\u00e7ais de haut niveau en juillet &#8211; jeudi 12 mars 2020 19:48 Le Pr\u00e9sident de la R\u00e9publique re\u00e7oit le ministre fran\u00e7ais des Affaires \u00e9trang\u00e8res &#8211; jeudi 12 mars 2020 19:40 Nouvelle a\u00e9rogare d\u2019Oran : le taux d\u2019avancement des travaux a atteint les 94% &#8211; jeudi 12 mars 2020 19:35 Le prochain amendement [&hellip;]<\/p>\n","protected":false},"author":1790,"featured_media":0,"comment_status":"closed","ping_status":"closed","sticky":false,"template":"","format":"standard","meta":{"fifu_image_url":"","fifu_image_alt":"","footnotes":""},"categories":[53,75],"tags":[],"class_list":["post-78872","post","type-post","status-publish","format-standard","hentry","category-algerie","category-sport"],"_links":{"self":[{"href":"https:\/\/linitiative.ca\/International\/wp-json\/wp\/v2\/posts\/78872","targetHints":{"allow":["GET"]}}],"collection":[{"href":"https:\/\/linitiative.ca\/International\/wp-json\/wp\/v2\/posts"}],"about":[{"href":"https:\/\/linitiative.ca\/International\/wp-json\/wp\/v2\/types\/post"}],"author":[{"embeddable":true,"href":"https:\/\/linitiative.ca\/International\/wp-json\/wp\/v2\/users\/1790"}],"replies":[{"embeddable":true,"href":"https:\/\/linitiative.ca\/International\/wp-json\/wp\/v2\/comments?post=78872"}],"version-history":[{"count":0,"href":"https:\/\/linitiative.ca\/International\/wp-json\/wp\/v2\/posts\/78872\/revisions"}],"wp:attachment":[{"href":"https:\/\/linitiative.ca\/International\/wp-json\/wp\/v2\/media?parent=78872"}],"wp:term":[{"taxonomy":"category","embeddable":true,"href":"https:\/\/linitiative.ca\/International\/wp-json\/wp\/v2\/categories?post=78872"},{"taxonomy":"post_tag","embeddable":true,"href":"https:\/\/linitiative.ca\/International\/wp-json\/wp\/v2\/tags?post=78872"}],"curies":[{"name":"wp","href":"https:\/\/api.w.org\/{rel}","templated":true}]}}