{"id":78873,"date":"2020-03-11T17:53:21","date_gmt":"2020-03-11T21:53:21","guid":{"rendered":"https:\/\/linitiative.ca\/International\/les-dossiers-de-khelil-de-feraoun-et-de-tamazirt-transmis-a-la-cour-supreme\/"},"modified":"2020-03-11T17:53:21","modified_gmt":"2020-03-11T21:53:21","slug":"les-dossiers-de-khelil-de-feraoun-et-de-tamazirt-transmis-a-la-cour-supreme","status":"publish","type":"post","link":"https:\/\/linitiative.ca\/International\/les-dossiers-de-khelil-de-feraoun-et-de-tamazirt-transmis-a-la-cour-supreme\/","title":{"rendered":"Les dossiers de Khelil, de Feraoun et de Tamazirt transmis \u00e0 la Cour supr\u00eame"},"content":{"rendered":"<p><br class=\"autobr\"\/><strong>Dans le cadre du traitement des affaires li\u00e9es \u00e0 la corruption et \u00e0 la malversation, le parquet g\u00e9n\u00e9ral de la Cour supr\u00eame a \u00e9t\u00e9 saisi des dossiers ayant fait objet d\u2019ordonnances d\u2019irrecevabilit\u00e9 du tribunal de Sidi M\u2019Hamed en faveur de la Cour supr\u00eame, \u00e9tant donn\u00e9 que ces ex-ministres jouissent de privil\u00e8ges de juridiction.<\/strong><\/p>\n<p><br class=\"autobr\"\/><br \/>\nApr\u00e8s la r\u00e9ception des dossiers, le procureur g\u00e9n\u00e9ral, apr\u00e8s consultation du premier pr\u00e9sident de la Cour supr\u00eame Abderrachid Tebbi, a d\u00e9cid\u00e9 de transmettre les dossiers aux conseillers enqu\u00eateurs aupr\u00e8s de cette juridiction.<\/p>\n<p><br class=\"autobr\"\/><br \/>\nPlusieurs chefs d\u2019inculpation ont \u00e9t\u00e9 retenus \u00e0 l\u2019encontre des concern\u00e9s dans pas moins de six affaires.<\/p>\n<blockquote readability=\"9\">\n<p><br class=\"autobr\"\/><em><strong><span class=\"c5\">La premi\u00e8re affaire concerne la soci\u00e9t\u00e9 SNC Lavalin dans laquelle sont impliqu\u00e9s l\u2019ancien ministre de l\u2019Energie et des mines, Khelil Chakib Mohamed, l\u2019ancien PDG de Sonelgaz Boutarfa Noureddine et leurs coaccus\u00e9s.<\/span><\/strong><\/em><\/p>\n<\/blockquote>\n<p><br class=\"autobr\"\/><br \/>\nLa deuxi\u00e8me affaire concerne la soci\u00e9t\u00e9 Batigec dans laquelle est impliqu\u00e9 Abdelwahid Temmar, ancien ministre des Participations et de la Promotion de l\u2019investissement, et Mohamed Benmeradi, ancien directeur g\u00e9n\u00e9ral des domaines et ancien ministre du Commerce et ses coaccus\u00e9s.<\/p>\n<p><br class=\"autobr\"\/><br \/>\nLa troisi\u00e8me affaire concerne la soci\u00e9t\u00e9 BRC dans laquelle est cit\u00e9 l\u2019ancien ministre de l\u2019Energie et des Mines, Chakib Khelil et ses coaccus\u00e9s.<\/p>\n<p><br class=\"autobr\"\/><br \/>\nLa quatri\u00e8me affaire concerne le complexe de Corso, dans laquelle est poursuivie Djamila Tamazirt, \u00e9pouse Akhenache, ex-ministre de l\u2019Industrie et des Mines et ses coaccus\u00e9s.<\/p>\n<blockquote readability=\"9\">\n<p><br class=\"autobr\"\/><span class=\"c5\"><em><strong>La cinqui\u00e8me affaire concerne l\u2019homme d\u2019affaires Metidji Hocine Mansour, dans laquelle est poursuivi l\u2019ancien Premier ministre Abdelmalek Sellal et Rahyal Mustapha Karim, ancien directeur de cabinet du Premier ministre et leurs coaccus\u00e9s.<\/strong><\/em><\/span><\/p>\n<\/blockquote>\n<p><br class=\"autobr\"\/><br \/>\nLa sixi\u00e8me et derni\u00e8re affaire transmise \u00e0 la Cour supr\u00eame concerne l\u2019op\u00e9rateur Alg\u00e9rie T\u00e9l\u00e9com et dans laquelle est poursuivie Imane Houda Feraoun, ex-ministre des T\u00e9l\u00e9communications, de la Poste et des technologies de communication et ses coaccus\u00e9s.<\/p>\n<p><br class=\"autobr\"\/><br \/>\nLes noms de ces ex-ministres viennent s\u2019ajouter aux autres ministres inculp\u00e9s et condamn\u00e9s dans des affaires relatives \u00e0 la malversation, \u00e0 l\u2019instar des deux ex-Premiers ministres Ahmed Ouyahia et Abdelmalek Sellal, des ex-ministres Abdelghani Zaalane, Mahdjdoub Bedda, Youcef Yousfi, Amar Ghoul, Boudjemaa Talai et Djamel Ould Abbas.<\/p>\n<p><br class=\"autobr\"\/><span class=\"c6\">A lire aussi\u00a0:<\/span><a href=\"http:\/\/www.jeune-independant.net\/Affaires-de-montage-automobile.html\" target=\"_blank\" rel=\"noopener noreferrer\"><span class=\"c6\">\u00a0AFFAIRES DE MONTAGE AUTOMOBILE\u00a0: POURSUITE D U PROC\u00c8S PAR LES PLAIDOIRIES DE LA D\u00c9FENSE<\/span><\/a><\/p>\n<p>Auteur: Boudjedri<br \/>\n<a href=\"http:\/\/www.jeune-independant.net\/Les-dossiers-de-Khelil-de-Feraoun.html\">Cliquez ici pour lire l&rsquo;article depuis sa source.<\/a><\/p>\n","protected":false},"excerpt":{"rendered":"<p>Dans le cadre du traitement des affaires li\u00e9es \u00e0 la corruption et \u00e0 la malversation, le parquet g\u00e9n\u00e9ral de la Cour supr\u00eame a \u00e9t\u00e9 saisi des dossiers ayant fait objet d\u2019ordonnances d\u2019irrecevabilit\u00e9 du tribunal de Sidi M\u2019Hamed en faveur de la Cour supr\u00eame, \u00e9tant donn\u00e9 que ces ex-ministres jouissent de privil\u00e8ges de juridiction. Apr\u00e8s la [&hellip;]<\/p>\n","protected":false},"author":1737,"featured_media":0,"comment_status":"closed","ping_status":"closed","sticky":false,"template":"","format":"standard","meta":{"fifu_image_url":"","fifu_image_alt":"","footnotes":""},"categories":[73,53],"tags":[],"class_list":["post-78873","post","type-post","status-publish","format-standard","hentry","category-actualite","category-algerie"],"_links":{"self":[{"href":"https:\/\/linitiative.ca\/International\/wp-json\/wp\/v2\/posts\/78873","targetHints":{"allow":["GET"]}}],"collection":[{"href":"https:\/\/linitiative.ca\/International\/wp-json\/wp\/v2\/posts"}],"about":[{"href":"https:\/\/linitiative.ca\/International\/wp-json\/wp\/v2\/types\/post"}],"author":[{"embeddable":true,"href":"https:\/\/linitiative.ca\/International\/wp-json\/wp\/v2\/users\/1737"}],"replies":[{"embeddable":true,"href":"https:\/\/linitiative.ca\/International\/wp-json\/wp\/v2\/comments?post=78873"}],"version-history":[{"count":0,"href":"https:\/\/linitiative.ca\/International\/wp-json\/wp\/v2\/posts\/78873\/revisions"}],"wp:attachment":[{"href":"https:\/\/linitiative.ca\/International\/wp-json\/wp\/v2\/media?parent=78873"}],"wp:term":[{"taxonomy":"category","embeddable":true,"href":"https:\/\/linitiative.ca\/International\/wp-json\/wp\/v2\/categories?post=78873"},{"taxonomy":"post_tag","embeddable":true,"href":"https:\/\/linitiative.ca\/International\/wp-json\/wp\/v2\/tags?post=78873"}],"curies":[{"name":"wp","href":"https:\/\/api.w.org\/{rel}","templated":true}]}}