{"id":78874,"date":"2020-03-11T18:07:00","date_gmt":"2020-03-11T22:07:00","guid":{"rendered":"https:\/\/linitiative.ca\/International\/coronavirus-aucun-cas-de-contamination-parmi-les-algeriens-etablis-en-italie\/"},"modified":"2020-03-11T18:07:00","modified_gmt":"2020-03-11T22:07:00","slug":"coronavirus-aucun-cas-de-contamination-parmi-les-algeriens-etablis-en-italie","status":"publish","type":"post","link":"https:\/\/linitiative.ca\/International\/coronavirus-aucun-cas-de-contamination-parmi-les-algeriens-etablis-en-italie\/","title":{"rendered":"Coronavirus : Aucun cas de contamination parmi les Alg\u00e9riens \u00e9tablis en Italie"},"content":{"rendered":"<p><strong>Le Consul g\u00e9n\u00e9ral d\u2019Alg\u00e9rie \u00e0 Milan (Italie), Ali Redjel, a affirm\u00e9 ce mercredi qu\u2019aucun cas de contamination par le coronavirus n\u2019a \u00e9t\u00e9 enregistr\u00e9 parmi les ressortissants alg\u00e9riens \u00e9tablis en Italie.<\/strong><\/p>\n<blockquote readability=\"11\">\n<p><em><strong><span class=\"c5\">\u00ab\u00a0Je tiens \u00e0 rassurer nos compatriotes vivants en Italie et leurs familles en Alg\u00e9rie que nous n\u2019avons, fort heureusement, constat\u00e9 aucun cas de contamination par le coronavirus parmi les ressortissants alg\u00e9riens qui se trouvent en Italie\u00a0\u00bb, a indiqu\u00e9 M.\u00a0Redjel dans une d\u00e9claration \u00e0 la t\u00e9l\u00e9vision nationale.<\/span><\/strong><\/em><\/p>\n<\/blockquote>\n<p>Il a rappel\u00e9 que, depuis l\u2019apparition du coronavirus en Italie et la prise de mesures pr\u00e9ventives par les autorit\u00e9s italiennes comp\u00e9tentes pour \u00e9viter la propagation du virus, le Consulat g\u00e9n\u00e9ral d\u2019Alg\u00e9rie \u00e0 Milan a enclench\u00e9 \u00ab\u00a0imm\u00e9diatement\u00a0\u00bb une campagne de sensibilisation en direction des membres de la communaut\u00e9 nationale \u00e9tablie dans le nord de l\u2019Italie qui est la zone la plus touch\u00e9e par le virus en utilisant les canaux de communication disponibles comme les r\u00e9seaux sociaux et les appels t\u00e9l\u00e9phoniques.<\/p>\n<blockquote readability=\"12\">\n<p><strong><em><span class=\"c5\">\u00ab\u00a0Nous avons conseill\u00e9 \u00e0 nos compatriotes de suivre les consignes \u00e9nonc\u00e9es par les autorit\u00e9s sanitaires du pays d\u2019accueil, d\u2019\u00eatre vigilants et de limiter les d\u00e9placements sauf en cas de n\u00e9cessit\u00e9 imp\u00e9rieuse et de rester en contact permanent avec les services consulaires\u00a0\u00bb, a-t-il ajout\u00e9, soulignant que \u00ab\u00a0tout ce travail se fait en \u00e9troite coordination avec les autorit\u00e9s publiques en Alg\u00e9rie et avec l\u2019ambassade d\u2019Alg\u00e9rie \u00e0 Rome\u00a0\u00bb. L\u2019Italie a enregistr\u00e9 631 d\u00e9c\u00e8s dus au coronavirus et 7755 cas confirm\u00e9s, selon un dernier bilan des autorit\u00e9s de ce pays.<\/span><\/em><\/strong><\/p>\n<\/blockquote>\n<p>Par ailleurs, l\u2019Ambassade d\u2019Italie \u00e0 Alger a annonc\u00e9 ce , de nouvelles mesures concernant la gestion des demandes de visa. Ainsi, les demandeurs, dont leur dossier est en cours de traitement et qui ont pr\u00e9vu un voyage en Italie avant le 30 juin 2020, seront contact\u00e9s par l\u2019agence TLS. Ils auront la possibilit\u00e9, sans frais additionnels, de reporter leur voyage \u00e0 partir du deuxi\u00e8me semestre 2020 ou bien de retirer leur demande.<\/p>\n<p>Dans le premier cas, ils devront pr\u00e9senter dans un d\u00e9lai maximum de 15 jours et directement \u00e0 l\u2019agence TLS un compl\u00e9ment de dossier justifiant le report du voyage (nouvelle r\u00e9servation d\u2019h\u00f4tel, nouvelle lettre d\u2019invitation, nouvelle assurance voyage, nouvelle r\u00e9servation du billet d\u2019avion, etc.). Dans le deuxi\u00e8me cas, les demandeurs devront pr\u00e9senter \u00e0 l\u2019agence TLS une d\u00e9claration soussign\u00e9e d\u2019annulation de la demande de visa. Les demandeurs ne seront ni rembours\u00e9s ni refus\u00e9s.<\/p>\n<p>Pour ce qui est des titulaires d\u2019un visa non utilis\u00e9, d\u00e9j\u00e0 d\u00e9livr\u00e9 apr\u00e8s le 1 f\u00e9vrier 2020 et qui expire avant le 30 juin 2020, ils auront la possibilit\u00e9 de contacter, dans un d\u00e9lai maximum de 15 jours, l\u2019agence TLS afin de pr\u00e9senter leur passeport avec un compl\u00e9ment de dossier justifiant le report du voyage \u00e0 partir du deuxi\u00e8me semestre 2020 (nouvelle r\u00e9servation d\u2019h\u00f4tel, nouvelle lettre d\u2019invitation, nouvelle assurance voyage, nouvelle r\u00e9servation du billet d\u2019avion, etc.). Dans ce cas, aucun frais additionnel sera appliqu\u00e9.<\/p>\n<p>Pour sa part la compagnie a\u00e9rienne nationale Air Alg\u00e9rie a d\u00e9cid\u00e9 de suspendre temporairement ses vols \u00e0 destination de Rome, la capitale italienne, \u00e0 partir du 15 mars.<\/p>\n<p>Auteur: Boudjedri<br \/>\n<a href=\"http:\/\/www.jeune-independant.net\/Coronavirus-Aucun-cas-de.html\">Cliquez ici pour lire l&rsquo;article depuis sa source.<\/a><\/p>\n","protected":false},"excerpt":{"rendered":"<p>Le Consul g\u00e9n\u00e9ral d\u2019Alg\u00e9rie \u00e0 Milan (Italie), Ali Redjel, a affirm\u00e9 ce mercredi qu\u2019aucun cas de contamination par le coronavirus n\u2019a \u00e9t\u00e9 enregistr\u00e9 parmi les ressortissants alg\u00e9riens \u00e9tablis en Italie. \u00ab\u00a0Je tiens \u00e0 rassurer nos compatriotes vivants en Italie et leurs familles en Alg\u00e9rie que nous n\u2019avons, fort heureusement, constat\u00e9 aucun cas de contamination par [&hellip;]<\/p>\n","protected":false},"author":1737,"featured_media":0,"comment_status":"closed","ping_status":"closed","sticky":false,"template":"","format":"standard","meta":{"fifu_image_url":"","fifu_image_alt":"","footnotes":""},"categories":[73,53],"tags":[],"class_list":["post-78874","post","type-post","status-publish","format-standard","hentry","category-actualite","category-algerie"],"_links":{"self":[{"href":"https:\/\/linitiative.ca\/International\/wp-json\/wp\/v2\/posts\/78874","targetHints":{"allow":["GET"]}}],"collection":[{"href":"https:\/\/linitiative.ca\/International\/wp-json\/wp\/v2\/posts"}],"about":[{"href":"https:\/\/linitiative.ca\/International\/wp-json\/wp\/v2\/types\/post"}],"author":[{"embeddable":true,"href":"https:\/\/linitiative.ca\/International\/wp-json\/wp\/v2\/users\/1737"}],"replies":[{"embeddable":true,"href":"https:\/\/linitiative.ca\/International\/wp-json\/wp\/v2\/comments?post=78874"}],"version-history":[{"count":0,"href":"https:\/\/linitiative.ca\/International\/wp-json\/wp\/v2\/posts\/78874\/revisions"}],"wp:attachment":[{"href":"https:\/\/linitiative.ca\/International\/wp-json\/wp\/v2\/media?parent=78874"}],"wp:term":[{"taxonomy":"category","embeddable":true,"href":"https:\/\/linitiative.ca\/International\/wp-json\/wp\/v2\/categories?post=78874"},{"taxonomy":"post_tag","embeddable":true,"href":"https:\/\/linitiative.ca\/International\/wp-json\/wp\/v2\/tags?post=78874"}],"curies":[{"name":"wp","href":"https:\/\/api.w.org\/{rel}","templated":true}]}}