{"id":78875,"date":"2020-03-11T19:19:28","date_gmt":"2020-03-11T23:19:28","guid":{"rendered":"https:\/\/linitiative.ca\/International\/tabbou-condamne-a-un-an-de-prison-dont-six-mois-avec-sursis\/"},"modified":"2020-03-11T19:19:28","modified_gmt":"2020-03-11T23:19:28","slug":"tabbou-condamne-a-un-an-de-prison-dont-six-mois-avec-sursis","status":"publish","type":"post","link":"https:\/\/linitiative.ca\/International\/tabbou-condamne-a-un-an-de-prison-dont-six-mois-avec-sursis\/","title":{"rendered":"Tabbou condamn\u00e9 \u00e0 un an de prison dont six mois avec sursis"},"content":{"rendered":"<p><br class=\"autobr\"\/><em><strong>La pr\u00e9sidente du tribunal correctionnel de Sidi M\u2019Hamed a condamn\u00e9,ce mercredi, l\u2019ex- coordinateur du FFS et coordinateur de l\u2019Union d\u00e9mocratique et sociale \u00e0 une ann\u00e9e de prison dont six mois avec sursis.<\/strong><\/em><\/p>\n<p><br class=\"autobr\"\/><br \/>\nLe mis en cause, reconnu coupable d\u2019atteinte \u00e0 l\u2019autorit\u00e9 de l\u2019Etat et blanchi par rapport \u00e0 l\u2019incitation \u00e0 l\u2019attroupement et \u00e0 la r\u00e9bellion, a \u00e9t\u00e9 condamn\u00e9 \u00e0 une amende de 500 000 dinars.<\/p>\n<blockquote readability=\"8\">\n<p><br class=\"autobr\"\/><strong><em><span class=\"c5\">Karim Tabbou a \u00e9t\u00e9 accueilli lors de sa comparution par les applaudissements de sa famille, de ses proches et des justiciables qui se sont d\u00e9plac\u00e9s d\u00e8s les premi\u00e8res heures pour conna\u00eetre le sort que lui a r\u00e9serv\u00e9 la pr\u00e9sidente de la section p\u00e9nale du tribunal d\u2019Alger.<\/span><\/em><\/strong><\/p>\n<\/blockquote>\n<p><br class=\"autobr\"\/><br \/>\nRemis en libert\u00e9 provisoire suite \u00e0 la d\u00e9cision des juges de la chambre d\u2019accusation de la cour de Tipasa le 26 septembre dernier, le militant politique Karim Tabbou a \u00e9t\u00e9 arr\u00eat\u00e9 un jour apr\u00e8s , jeudi 27 septembre, par des hommes en tenue civile devant son domicile \u00e0 Dou\u00e9ra puis plac\u00e9 en d\u00e9tention provisoire par le juge d\u2019instruction du tribunal de Sidi M\u2019Hamed \u00e0 la prison d\u2019El Harrach.<\/p>\n<p><br class=\"autobr\"\/><br \/>\nDans un message post\u00e9 trois jours apr\u00e8s son incarc\u00e9ration, son avocat Me Mostefa Bouchachi informe que Karim Tabbou a \u00e9t\u00e9 pr\u00e9sent\u00e9 hier soir devant le tribunal Abane-Ramdane (ex-Sidi M\u2019Hamed) \u00e0 Alger.<\/p>\n<blockquote readability=\"8\">\n<p><br class=\"autobr\"\/><span class=\"c5\"><em><strong>Le tribunal de Sidi M\u2019Hamed a ainsi d\u00e9cid\u00e9 de placer en d\u00e9tention provisoire le militant. Tout en pr\u00e9cisant ce jour-l\u00e0 que \u00ab\u00a0nous n\u2019avons pas d\u2019informations sur le motif de l\u2019arrestation ni sur les accusations port\u00e9es contre lui\u00a0\u00bb, affirme Me Bouchachi.<\/strong><\/em><\/span><\/p>\n<\/blockquote>\n<p><br class=\"autobr\"\/><br \/>\n\u00a0<\/p>\n<p><br class=\"autobr\"\/><br \/>\nKarim Tabbou, qui est incarc\u00e9r\u00e9 \u00e0 l\u2019\u00e9tablissement p\u00e9nitentiaire d\u2019El Harrach, est poursuivi pour \u00ab\u00a0participation, en temps de paix, \u00e0 une entreprise de d\u00e9moralisation de l\u2019Arm\u00e9e nationale\u00a0\u00bb. Le procureur de la R\u00e9publique avait requis quatre ans de prison ferme contre Karim Tabbou. Ce dernier recouvrera sa libert\u00e9 dans quelques jours.<\/p>\n<p><br class=\"autobr\"\/><strong><span class=\"c6\">A lire aussi\u00a0:\u00a0<\/span><a href=\"http:\/\/www.jeune-independant.net\/Karim-Tabou-depuis-Bouira-Le-Hirak.html\" target=\"_blank\" rel=\"noopener noreferrer\"><span class=\"c6\">KARIM TABOU DEPUIS BOUIRA\u00a0: \u00ab\u00a0LE HIRAK POPULAIRE EST UNE SOLUTION\u00a0\u00bb<\/span><\/a><\/strong><\/p>\n<p>Auteur: Boudjedri<br \/>\n<a href=\"http:\/\/www.jeune-independant.net\/Tabbou-condamne-a-un-an-de-prison.html\">Cliquez ici pour lire l&rsquo;article depuis sa source.<\/a><\/p>\n","protected":false},"excerpt":{"rendered":"<p>La pr\u00e9sidente du tribunal correctionnel de Sidi M\u2019Hamed a condamn\u00e9,ce mercredi, l\u2019ex- coordinateur du FFS et coordinateur de l\u2019Union d\u00e9mocratique et sociale \u00e0 une ann\u00e9e de prison dont six mois avec sursis. Le mis en cause, reconnu coupable d\u2019atteinte \u00e0 l\u2019autorit\u00e9 de l\u2019Etat et blanchi par rapport \u00e0 l\u2019incitation \u00e0 l\u2019attroupement et \u00e0 la r\u00e9bellion, [&hellip;]<\/p>\n","protected":false},"author":1737,"featured_media":0,"comment_status":"closed","ping_status":"closed","sticky":false,"template":"","format":"standard","meta":{"fifu_image_url":"","fifu_image_alt":"","footnotes":""},"categories":[73,53],"tags":[],"class_list":["post-78875","post","type-post","status-publish","format-standard","hentry","category-actualite","category-algerie"],"_links":{"self":[{"href":"https:\/\/linitiative.ca\/International\/wp-json\/wp\/v2\/posts\/78875","targetHints":{"allow":["GET"]}}],"collection":[{"href":"https:\/\/linitiative.ca\/International\/wp-json\/wp\/v2\/posts"}],"about":[{"href":"https:\/\/linitiative.ca\/International\/wp-json\/wp\/v2\/types\/post"}],"author":[{"embeddable":true,"href":"https:\/\/linitiative.ca\/International\/wp-json\/wp\/v2\/users\/1737"}],"replies":[{"embeddable":true,"href":"https:\/\/linitiative.ca\/International\/wp-json\/wp\/v2\/comments?post=78875"}],"version-history":[{"count":0,"href":"https:\/\/linitiative.ca\/International\/wp-json\/wp\/v2\/posts\/78875\/revisions"}],"wp:attachment":[{"href":"https:\/\/linitiative.ca\/International\/wp-json\/wp\/v2\/media?parent=78875"}],"wp:term":[{"taxonomy":"category","embeddable":true,"href":"https:\/\/linitiative.ca\/International\/wp-json\/wp\/v2\/categories?post=78875"},{"taxonomy":"post_tag","embeddable":true,"href":"https:\/\/linitiative.ca\/International\/wp-json\/wp\/v2\/tags?post=78875"}],"curies":[{"name":"wp","href":"https:\/\/api.w.org\/{rel}","templated":true}]}}