{"id":78876,"date":"2020-03-12T10:14:44","date_gmt":"2020-03-12T14:14:44","guid":{"rendered":"https:\/\/linitiative.ca\/International\/coronavirus-tebboune-ordonne-la-fermeture-des-etablissements-scolaires\/"},"modified":"2020-03-12T10:14:44","modified_gmt":"2020-03-12T14:14:44","slug":"coronavirus-tebboune-ordonne-la-fermeture-des-etablissements-scolaires","status":"publish","type":"post","link":"https:\/\/linitiative.ca\/International\/coronavirus-tebboune-ordonne-la-fermeture-des-etablissements-scolaires\/","title":{"rendered":"Coronavirus : Tebboune ordonne la fermeture des \u00e9tablissements scolaires"},"content":{"rendered":"<p><br class=\"autobr\"\/><br \/>\nLe Pr\u00e9sident de la Republique, Abdelmadjid Tebboune, a ordonn\u00e9, ce jeudi 12 mars, la fermeture \u00e0 partir d\u2019aujourd\u2019hui, des \u00e9coles primaires et secondaires , publiques et priv\u00e9es jusqu\u2019\u00e0 la fin des vacances de printemps.C\u2019esr ce qu\u2019a indiqu\u00e9 un communiqu\u00e9 de la pr\u00e9sidence\u00a0<br \/>Apr\u00e8s consultation du Conseil des ministres et par mesure de pr\u00e9caution face \u00e0 la propagation du Coronavirus en Alg\u00e9rie , le chef de l\u2019Etat a aussi ordonn\u00e9 la fermeture, jusqu\u2019au 5 avril prochain, des universit\u00e9s et des \u00e9tablissements d\u2019enseignement sup\u00e9rieur, \u00e0 l\u2019exception des facult\u00e9s o\u00f9 les examens sont toujours en cours.<\/p>\n<p><br class=\"autobr\"\/><br \/>\nCette d\u00e9cision comprend \u00e9galement les \u00e9tablissements de formation affili\u00e9s au secteur de la formation et de l\u2019enseignement professionnels, les \u00e9coles coraniques, les cr\u00e8ches , et tous les \u00e9tablissements d\u2019enseignement priv\u00e9s.<\/p>\n<p><br class=\"autobr\"\/><br \/>\nPour rappel, cinq (5) nouveaux cas de coronavirus, dont un d\u00e9c\u00e8s, ont \u00e9t\u00e9 enregistr\u00e9s en Alg\u00e9rie, pour atteindre vingt-quatre (24) cas confirm\u00e9s du Covid-19 dans le pays, a annonc\u00e9, jeudi, le minist\u00e8re de la Sant\u00e9, de la Population et de la R\u00e9forme hospitali\u00e8re.<br \/>\u00a0<\/p>\n<p>Auteur: Boudjedri<br \/>\n<a href=\"http:\/\/www.jeune-independant.net\/Tebboune-ordonne-la-fermeture-des.html\">Cliquez ici pour lire l&rsquo;article depuis sa source.<\/a><\/p>\n","protected":false},"excerpt":{"rendered":"<p>Le Pr\u00e9sident de la Republique, Abdelmadjid Tebboune, a ordonn\u00e9, ce jeudi 12 mars, la fermeture \u00e0 partir d\u2019aujourd\u2019hui, des \u00e9coles primaires et secondaires , publiques et priv\u00e9es jusqu\u2019\u00e0 la fin des vacances de printemps.C\u2019esr ce qu\u2019a indiqu\u00e9 un communiqu\u00e9 de la pr\u00e9sidence\u00a0Apr\u00e8s consultation du Conseil des ministres et par mesure de pr\u00e9caution face \u00e0 la [&hellip;]<\/p>\n","protected":false},"author":1737,"featured_media":0,"comment_status":"closed","ping_status":"closed","sticky":false,"template":"","format":"standard","meta":{"fifu_image_url":"","fifu_image_alt":"","footnotes":""},"categories":[73,53],"tags":[],"class_list":["post-78876","post","type-post","status-publish","format-standard","hentry","category-actualite","category-algerie"],"_links":{"self":[{"href":"https:\/\/linitiative.ca\/International\/wp-json\/wp\/v2\/posts\/78876","targetHints":{"allow":["GET"]}}],"collection":[{"href":"https:\/\/linitiative.ca\/International\/wp-json\/wp\/v2\/posts"}],"about":[{"href":"https:\/\/linitiative.ca\/International\/wp-json\/wp\/v2\/types\/post"}],"author":[{"embeddable":true,"href":"https:\/\/linitiative.ca\/International\/wp-json\/wp\/v2\/users\/1737"}],"replies":[{"embeddable":true,"href":"https:\/\/linitiative.ca\/International\/wp-json\/wp\/v2\/comments?post=78876"}],"version-history":[{"count":0,"href":"https:\/\/linitiative.ca\/International\/wp-json\/wp\/v2\/posts\/78876\/revisions"}],"wp:attachment":[{"href":"https:\/\/linitiative.ca\/International\/wp-json\/wp\/v2\/media?parent=78876"}],"wp:term":[{"taxonomy":"category","embeddable":true,"href":"https:\/\/linitiative.ca\/International\/wp-json\/wp\/v2\/categories?post=78876"},{"taxonomy":"post_tag","embeddable":true,"href":"https:\/\/linitiative.ca\/International\/wp-json\/wp\/v2\/tags?post=78876"}],"curies":[{"name":"wp","href":"https:\/\/api.w.org\/{rel}","templated":true}]}}