{"id":78877,"date":"2020-03-12T10:39:41","date_gmt":"2020-03-12T14:39:41","guid":{"rendered":"https:\/\/linitiative.ca\/International\/coronavirus-un-deces-huit-guerisons-en-algerie\/"},"modified":"2020-03-12T10:39:41","modified_gmt":"2020-03-12T14:39:41","slug":"coronavirus-un-deces-huit-guerisons-en-algerie","status":"publish","type":"post","link":"https:\/\/linitiative.ca\/International\/coronavirus-un-deces-huit-guerisons-en-algerie\/","title":{"rendered":"Coronavirus : Un d\u00e9c\u00e8s, huit gu\u00e9risons en Alg\u00e9rie"},"content":{"rendered":"<p><br class=\"autobr\"\/><strong>L\u2019Alg\u00e9rie a enregistr\u00e9 son premier cas de d\u00e9c\u00e8s par coronavirus, a annonc\u00e9 jeudi le minist\u00e8re de la Sant\u00e9, de la Population et de la R\u00e9forme hospitali\u00e8re qui a fait \u00e9tat, en revanche de huit (8) patients gu\u00e9ris qui \u00e9taient en isolement \u00e0 l\u2019h\u00f4pital de Boufarik.<\/strong><\/p>\n<p><br class=\"autobr\"\/><br \/>\nLe minist\u00e8re note \u00e9galement que cinq (5) nouveaux cas confirm\u00e9s ont \u00e9t\u00e9 enregistr\u00e9s, dont la personne d\u00e9c\u00e9d\u00e9e, portant ainsi \u00e0 24 le nombre total de cas confirm\u00e9s du Convid-19 dans le pays.<\/p>\n<p><br class=\"autobr\"\/><br \/>\nIl s\u2019agit de deux cas ayant s\u00e9journ\u00e9 en France, l\u2019un est hospitalis\u00e9 dans la wilaya de Souk-Ahras, l\u2019autre \u00e0 Tizi-Ouzou et trois \u00e0 Blida, pr\u00e9cise la m\u00eame source.<\/p>\n<p><br class=\"autobr\"\/><br \/>\nA ce jour, 638 tests de diagnostic ont \u00e9t\u00e9 d\u00e9clar\u00e9s n\u00e9gatifs sur les 662 effectu\u00e9s par l\u2019Institut Pasteur d\u2019Alg\u00e9rie, rel\u00e8ve le minist\u00e8re de la Sant\u00e9, ajoutant que l\u2019enqu\u00eate \u00e9pid\u00e9miologique \u00ab\u00a0se poursuit pour retrouver et identifier toutes les personnes contact\u00a0\u00bb.<\/p>\n<p><br class=\"autobr\"\/><br \/>\nEn outre, le dispositif de veille et d\u2019alerte mis en place \u00ab\u00a0demeure en vigueur et la mobilisation des \u00e9quipes de sant\u00e9 reste \u00e0 son plus haut niveau\u00a0\u00bb.<\/p>\n<p><br class=\"autobr\"\/><span class=\"c5\">A lire aussi\u00a0:<\/span> <strong><a href=\"http:\/\/www.aps.dz\/sante-science-technologie\/102907-coronavirus-premier-cas-de-deces-enregistre-en-algerie-8-patients-gueris\" target=\"_blank\" rel=\"noopener noreferrer\"><span class=\"c5\">CORONAVIRUS\u00a0: AUCUN CAS DE CONTAMINATION PARMI LES ALG\u00c9RIENS \u00c9TABLIS EN ITALIE<\/span><\/a><\/strong><\/p>\n<p>Auteur: Boudjedri<br \/>\n<a href=\"http:\/\/www.jeune-independant.net\/Coronavirus-premier-cas-de-deces.html\">Cliquez ici pour lire l&rsquo;article depuis sa source.<\/a><\/p>\n","protected":false},"excerpt":{"rendered":"<p>L\u2019Alg\u00e9rie a enregistr\u00e9 son premier cas de d\u00e9c\u00e8s par coronavirus, a annonc\u00e9 jeudi le minist\u00e8re de la Sant\u00e9, de la Population et de la R\u00e9forme hospitali\u00e8re qui a fait \u00e9tat, en revanche de huit (8) patients gu\u00e9ris qui \u00e9taient en isolement \u00e0 l\u2019h\u00f4pital de Boufarik. Le minist\u00e8re note \u00e9galement que cinq (5) nouveaux cas confirm\u00e9s [&hellip;]<\/p>\n","protected":false},"author":1737,"featured_media":0,"comment_status":"closed","ping_status":"closed","sticky":false,"template":"","format":"standard","meta":{"fifu_image_url":"","fifu_image_alt":"","footnotes":""},"categories":[73,53],"tags":[],"class_list":["post-78877","post","type-post","status-publish","format-standard","hentry","category-actualite","category-algerie"],"_links":{"self":[{"href":"https:\/\/linitiative.ca\/International\/wp-json\/wp\/v2\/posts\/78877","targetHints":{"allow":["GET"]}}],"collection":[{"href":"https:\/\/linitiative.ca\/International\/wp-json\/wp\/v2\/posts"}],"about":[{"href":"https:\/\/linitiative.ca\/International\/wp-json\/wp\/v2\/types\/post"}],"author":[{"embeddable":true,"href":"https:\/\/linitiative.ca\/International\/wp-json\/wp\/v2\/users\/1737"}],"replies":[{"embeddable":true,"href":"https:\/\/linitiative.ca\/International\/wp-json\/wp\/v2\/comments?post=78877"}],"version-history":[{"count":0,"href":"https:\/\/linitiative.ca\/International\/wp-json\/wp\/v2\/posts\/78877\/revisions"}],"wp:attachment":[{"href":"https:\/\/linitiative.ca\/International\/wp-json\/wp\/v2\/media?parent=78877"}],"wp:term":[{"taxonomy":"category","embeddable":true,"href":"https:\/\/linitiative.ca\/International\/wp-json\/wp\/v2\/categories?post=78877"},{"taxonomy":"post_tag","embeddable":true,"href":"https:\/\/linitiative.ca\/International\/wp-json\/wp\/v2\/tags?post=78877"}],"curies":[{"name":"wp","href":"https:\/\/api.w.org\/{rel}","templated":true}]}}