{"id":78878,"date":"2020-03-12T05:05:21","date_gmt":"2020-03-12T09:05:21","guid":{"rendered":"https:\/\/linitiative.ca\/International\/prison-ferme-requise-contre-14-personnes-dont-dex-detenus-a-chlef\/"},"modified":"2020-03-12T05:05:21","modified_gmt":"2020-03-12T09:05:21","slug":"prison-ferme-requise-contre-14-personnes-dont-dex-detenus-a-chlef","status":"publish","type":"post","link":"https:\/\/linitiative.ca\/International\/prison-ferme-requise-contre-14-personnes-dont-dex-detenus-a-chlef\/","title":{"rendered":"Prison ferme requise contre 14 personnes dont d\u2019ex-d\u00e9tenus \u00e0 Chlef"},"content":{"rendered":"<h4 class=\"title-14\"\/>\n<p class=\"p3\"><span class=\"s1\">D<\/span><span class=\"s1\">\u2019anciens d\u00e9tenus et militants du hirak comparaissaient, hier, \u00e0 travers nombre de juridictions du pays. A Chlef, le procureur du tribunal de la ville a requis 18 mois de prison ferme et une amende de 200 000 DA \u00e0 l\u2019encontre de cinq anciens d\u00e9tenus du hirak et un an de prison ferme et une amende de 100 000 DA contre neuf autres personnes, a fait savoir le Comit\u00e9 national pour la lib\u00e9ration des d\u00e9tenus (CNLD).<\/span><\/p>\n<p class=\"p3\"><span class=\"s1\">Il s\u2019agit de<span class=\"Apple-converted-space\">\u00a0<\/span> Chachou Ali, Djilali Samet Benyoucef, Mohamedi Bouzina Youcef, Fay\u00e7al Halimi, Mohamed Fehas, Hamouda Tayeb, Abderrezak Mokrane, Ali Omar, Youcef Khalil, Yazid Ghachi, Youcef Benidra, Lahmar Ahmed Amine, Bouchakour Rahmani Mohamed, Bilal Danden.<\/span><\/p>\n<p class=\"p3\"><span class=\"s1\">\u00ab<em>Ils sont accus\u00e9s d\u2019\u2018\u2018atteinte \u00e0 l\u2019int\u00e9grit\u00e9 et l\u2019unit\u00e9 nationales\u2019\u2019 et \u2018\u2018incitation \u00e0 attroupement non arm\u00e9\u2019\u2019<\/em>\u00bb, a ajout\u00e9 la m\u00eame source. Le verdict est fix\u00e9 pour mercredi prochain.<\/span><\/p>\n<p class=\"p3\">Dans une autre affaire, l\u2019ex-policier Toufik Hassani, qui comparaissait avant-hier, en citation directe, au tribunal de Sidi M\u2019hamed d\u2019Alger, a \u00e9t\u00e9 condamn\u00e9 \u00e0 six mois de prison, dont trois mois avec sursis, mais sans mandat de d\u00e9p\u00f4t.<\/p>\n<p class=\"p3\">Il est accus\u00e9 d\u2019\u00abincitation \u00e0 attroupement non arm\u00e9\u00bb et \u00abatteinte \u00e0 l\u2019unit\u00e9 nationale\u00bb. Arr\u00eat\u00e9 lors du 55<sup>e<\/sup> vendredi de la marche contre le syst\u00e8me \u00e0 Alger, puis plac\u00e9 en garde \u00e0 vue au commissariat de Cavignac, Toufik Hassani devait \u00eatre lib\u00e9r\u00e9 mardi soir, avec la possibilit\u00e9 de faire cassation dans un d\u00e9lai de dix jours.<\/p>\n<p class=\"p3\">Mais \u00e0 la surprise g\u00e9n\u00e9rale, il a \u00e9t\u00e9 transf\u00e9r\u00e9 hier \u00e0 Chlef, pour compara\u00eetre devant le tribunal, \u00ab<em>suite \u00e0 un mandat d\u2019arr\u00eat sur demande de la chambre d\u2019accusation de la cour de Chlef, hier, mardi 10 mars, alors que cette chambre d\u2019accusation a refus\u00e9 la demande des avocats de renvoyer l\u2019affaire en attendant de r\u00e9cup\u00e9rer le jugement du tribunal de Sa\u00efda<\/em>\u00bb, a pr\u00e9cis\u00e9 le CNLD.<\/p>\n<p class=\"p3\">A Constantine, le procureur du tribunal d\u2019El Ziyadia a requis deux ans de prison ferme contre le blogueur Abdelmoundji Khelladi, accus\u00e9 d\u2019\u00abatteinte \u00e0 l\u2019int\u00e9r\u00eat national et \u00e0 l\u2019unit\u00e9 nationale\u00bb pour ses publications Facebook. Le verdict est programm\u00e9 pour le 1<sup>er<\/sup> avril.<\/p>\n<p class=\"p3\">A Mascara, le procureur a demand\u00e9 l\u2019accentuation de la sentence du verdict du tribunal dans le cadre du proc\u00e8s en appel de Hadj Ghermoul, activiste du hirak et militant des droits de l\u2019homme.<\/p>\n<p class=\"p3\">Poursuivi dans plusieurs affaires, ce dernier a \u00e9t\u00e9 condamn\u00e9 \u00e0 une peine de 18 mois de prison ferme et 200\u00a0000\u00a0DA d\u2019amende pour \u00abdiffusion de vid\u00e9os portant atteinte \u00e0 l\u2019int\u00e9r\u00eat national\u00bb. Le verdict est pour le 25 mars.<\/p>\n<p class=\"p3\">A Tizi Ouzou, le jeune Rafik Abtoche, originaire de Draa Ben Khedda, arr\u00eat\u00e9 hier \u00e0 Boumerd\u00e8s pour possession de pancartes \u00abEtat civil, pas\u00a0militaire\u00bb dans sa voiture, a \u00e9t\u00e9 plac\u00e9 en libert\u00e9 provisoire, selon la CNLD. Il est accus\u00e9 d\u2019\u00abatteinte \u00e0 l\u2019unit\u00e9 nationale\u00bb.<\/p>\n<p class=\"p3\">Toujours dans la m\u00eame wilaya, le proc\u00e8s en appel de l\u2019activiste Toufik Kessi aura lieu dimanche prochain \u00e0 la cour de Tizi Ouzou, apr\u00e8s avoir \u00e9t\u00e9 renvoy\u00e9 le 9 f\u00e9vrier. Toufik Kessi a \u00e9t\u00e9 condamn\u00e9 en premi\u00e8re instance par le tribunal de Ouacifs \u00e0 une amende de 30 000 DA pour ses activit\u00e9s et publications sur Facebook en lien avec le mouvement populaire.<\/p>\n<p class=\"p3\">A Laghouat, le proc\u00e8s en appel de Ben Sa\u00efd Eddine Tahar, Yacine Tirbah, Abdelkader Yacine Ben Arous et Abdelaali Ilyes a \u00e9t\u00e9 renvoy\u00e9 \u00e0 mercredi prochain \u00e0 la cour de Laghouat. Ils sont accus\u00e9s d\u2019\u00abincitation \u00e0 attroupement non arm\u00e9\u00bb et \u00aboutrage \u00e0 corps constitu\u00e9\u00bb, d\u2019apr\u00e8s le CNLD.<\/p>\n<p class=\"p3\">Par ailleurs, le proc\u00e8s de 15 anciens d\u00e9tenus, arr\u00eat\u00e9s le vendredi 13 septembre et remis en libert\u00e9 provisoire depuis le 2 janvier dernier, est pr\u00e9vu aujourd\u2019hui, au tribunal de Sidi M\u2019hamed d\u2019Alger.<\/p>\n<p class=\"p3\">Le verdict du proc\u00e8s de deux autres anciens d\u00e9tenus, en libert\u00e9 provisoire depuis le 2 janvier et dont le proc\u00e8s a eu lieu jeudi 13 f\u00e9vrier, est attendu \u00e9galement aujourd\u2019hui, au m\u00eame tribunal.<\/p>\n<p class=\"p3\"><span class=\"s1\">Pour sa part, le militant et activiste Samir Larabi compara\u00eetra dimanche prochain devant le tribunal d\u2019Amizour (B\u00e9ja\u00efa), dans le cadre d\u2019une affaire en lien avec son interpellation le 19 avril 2019 devant la Grande-Poste d\u2019Alger.<\/span><\/p>\n<p class=\"p3\"><span class=\"s1\">Le CNLD a fait savoir que l\u2019ex-d\u00e9tenu Mohamed Amine Benalia, relax\u00e9 par la cour de Biskra apr\u00e8s une condamnation en premi\u00e8re instance \u00e0 18 mois de prison ferme, n\u2019a pas encore \u00e9t\u00e9 r\u00e9int\u00e9gr\u00e9 \u00e0 l\u2019universit\u00e9 de Biskra.<\/span><\/p>\n<p class=\"p3\"><span class=\"s1\">\u00ab<em>Depuis sa relaxe, l\u2019administration de l\u2019universit\u00e9 ne peut pas l\u2019int\u00e9grer alors qu\u2019il est \u00e9tudiant en fin de cycle universitaire, malgr\u00e9 le jugement d\u00e9finitif de la cour d\u2019appel<\/em>\u00bb, a-t-il d\u00e9plor\u00e9.\u00a0<\/span><\/p>\n<p><span class=\"post-views-label\">Post Views:<\/span> <span class=\"post-views-count\">1\u00a0367<\/span><\/p>\n<p><br class=\"c2\"\/><br class=\"c6\"\/><\/p>\n<p>Auteur: Anis Khecheba<br \/>\n<a href=\"https:\/\/www.elwatan.com\/edition\/actualite\/prison-ferme-requise-contre-14-personnes-dont-dex-detenus-a-chlef-12-03-2020\">Cliquez ici pour lire l&rsquo;article depuis sa source.<\/a><\/p>\n","protected":false},"excerpt":{"rendered":"<p>D\u2019anciens d\u00e9tenus et militants du hirak comparaissaient, hier, \u00e0 travers nombre de juridictions du pays. A Chlef, le procureur du tribunal de la ville a requis 18 mois de prison ferme et une amende de 200 000 DA \u00e0 l\u2019encontre de cinq anciens d\u00e9tenus du hirak et un an de prison ferme et une amende [&hellip;]<\/p>\n","protected":false},"author":1743,"featured_media":0,"comment_status":"closed","ping_status":"closed","sticky":false,"template":"","format":"standard","meta":{"fifu_image_url":"","fifu_image_alt":"","footnotes":""},"categories":[73,53],"tags":[],"class_list":["post-78878","post","type-post","status-publish","format-standard","hentry","category-actualite","category-algerie"],"_links":{"self":[{"href":"https:\/\/linitiative.ca\/International\/wp-json\/wp\/v2\/posts\/78878","targetHints":{"allow":["GET"]}}],"collection":[{"href":"https:\/\/linitiative.ca\/International\/wp-json\/wp\/v2\/posts"}],"about":[{"href":"https:\/\/linitiative.ca\/International\/wp-json\/wp\/v2\/types\/post"}],"author":[{"embeddable":true,"href":"https:\/\/linitiative.ca\/International\/wp-json\/wp\/v2\/users\/1743"}],"replies":[{"embeddable":true,"href":"https:\/\/linitiative.ca\/International\/wp-json\/wp\/v2\/comments?post=78878"}],"version-history":[{"count":0,"href":"https:\/\/linitiative.ca\/International\/wp-json\/wp\/v2\/posts\/78878\/revisions"}],"wp:attachment":[{"href":"https:\/\/linitiative.ca\/International\/wp-json\/wp\/v2\/media?parent=78878"}],"wp:term":[{"taxonomy":"category","embeddable":true,"href":"https:\/\/linitiative.ca\/International\/wp-json\/wp\/v2\/categories?post=78878"},{"taxonomy":"post_tag","embeddable":true,"href":"https:\/\/linitiative.ca\/International\/wp-json\/wp\/v2\/tags?post=78878"}],"curies":[{"name":"wp","href":"https:\/\/api.w.org\/{rel}","templated":true}]}}