{"id":78881,"date":"2020-03-12T05:07:27","date_gmt":"2020-03-12T09:07:27","guid":{"rendered":"https:\/\/linitiative.ca\/International\/karim-tabbou-condamne-a-une-annee-de-prison-colere-et-indignation\/"},"modified":"2020-03-12T05:07:27","modified_gmt":"2020-03-12T09:07:27","slug":"karim-tabbou-condamne-a-une-annee-de-prison-colere-et-indignation","status":"publish","type":"post","link":"https:\/\/linitiative.ca\/International\/karim-tabbou-condamne-a-une-annee-de-prison-colere-et-indignation\/","title":{"rendered":"Karim Tabbou condamn\u00e9 \u00e0 une ann\u00e9e de prison : Col\u00e8re et indignation"},"content":{"rendered":"<h4 class=\"title-14\"\/>\n<div class=\"featured_image\"><img loading=\"lazy\" decoding=\"async\" width=\"1000\" height=\"763\" src=\"https:\/\/www.elwatan.com\/wp-content\/uploads\/2020\/03\/tabbou-col-h-lyes.gif\" class=\"attachment-post-thumbnail size-post-thumbnail wp-post-image\" alt=\"\"\/><\/div>\n<p class=\"p4\"><span class=\"s1\"><strong>La juge du tribunal de Sidi M\u2019hamed a rendu son verdict hier dans le proc\u00e8s de Karim Tabbou et le condamne \u00e0 une ann\u00e9e de prison, dont six mois ferme. Il quittera la prison le 26 mars prochain.<\/strong><\/span><\/p>\n<p class=\"p4\"><span class=\"s1\">U<\/span><span class=\"s1\">ne semaine apr\u00e8s son retentissant proc\u00e8s, le tribunal de Sidi M\u2019hamed (Alger) a condamn\u00e9 le leader de l\u2019opposition, Karim Tabbou, \u00e0 une ann\u00e9e de prison, dont six mois ferme, car accus\u00e9 d\u2019\u00abatteinte \u00e0 l\u2019unit\u00e9 nationale\u00bb. Il quittera la prison le 26 mars prochain.<\/span><\/p>\n<p class=\"p7\"><span class=\"s1\">Un verdict jug\u00e9 lourd par les avocats de la d\u00e9fense qui esp\u00e9raient la relaxe. Les centaines de personnes venues soutenir le prisonnier souhaitaient, elles aussi, voir leur leader innocent\u00e9. Mais la juge en a d\u00e9cid\u00e9 autrement.<\/span><\/p>\n<p class=\"p7\"><span class=\"s1\">Si elle a \u00e9limin\u00e9 le premier chef d\u2019inculpation \u2013 \u00abincitation \u00e0 la violence dans le but d\u2019attenter \u00e0 la d\u00e9fense nationale\u00bb \u2013, elle a par contre condamn\u00e9 le prisonnier de Kol\u00e9a pour \u00abatteinte \u00e0 l\u2019unit\u00e9 nationale\u00bb. Une accusation que Karim Tabbou a rejet\u00e9e avec force et arguments lors du proc\u00e8s qui s\u2019est d\u00e9roul\u00e9 le 4 mars.<\/span><\/p>\n<p class=\"p7\"><span class=\"s1\">Les avocats de la d\u00e9fense pr\u00e9voient de faire appel apr\u00e8s concertation avec celui qui est devenu une des figures embl\u00e9matiques de l\u2019insurrection citoyenne en cours dans le pays.<\/span><\/p>\n<p class=\"p7\"><span class=\"s1\">Par la voix de Mustapha Bouchachi, la d\u00e9fense a estim\u00e9 que <em>\u00abKarim Tabbou est un leader politique qui milite depuis longtemps pour l\u2019instauration de la d\u00e9mocratie dans le pays, il exprimait ses id\u00e9es politiques pacifiquement et surtout qu\u2019il se bat sans cesse pour l\u2019unit\u00e9 nationale. Le condamner pour \u2018\u2018atteinte \u00e0 l\u2019unit\u00e9 nationale\u2019\u2019 est totalement surprenant\u00bb<\/em>.<\/span><\/p>\n<p class=\"p7\"><span class=\"s1\">Lors de son proc\u00e8s, Karim Tabbou avait ouvertement d\u00e9clar\u00e9 devant la juge qu\u2019il a \u00e9t\u00e9 emprisonn\u00e9 pour des raisons politiques.<\/span><\/p>\n<p class=\"p7\"><span class=\"s1\"><em>\u00abJe suis un militant politique et je suis arr\u00eat\u00e9 et jug\u00e9 pour mes opinions politiques, pour mes positions sur les \u00e9v\u00e9nements qui secouent le pays depuis le 22 f\u00e9vrier\u00bb<\/em>, a-t-il lanc\u00e9 face au tribunal assi\u00e9g\u00e9 par une foule immense de manifestants.<\/span><\/p>\n<p class=\"p7\"><span class=\"s1\">C\u2019\u00e9tait encore le cas hier. Tr\u00e8s t\u00f4t, des centaines de citoyens sont venus d\u2019un peu partout, brandissant les portraits de leur h\u00e9ros et scandant les classiques slogans des marches du vendredi.<\/span><\/p>\n<p class=\"p7\"><span class=\"s1\">Les forces de l\u2019ordre \u00e9taient \u00e9galement fortement mobilis\u00e9es. L\u2019avocat Hakim Saheb \u00e9voque un <em>\u00abdispositif s\u00e9curitaire aux alentours du tribunal de Sidi M\u2019hamed des plus impressionnants. Un contraste hilarant avec la mobilisation citoyenne et pacifique en guise de solidarit\u00e9\u00bb<\/em>.<\/span><\/p>\n<p class=\"p7\"><span class=\"s1\">Mais l\u2019avocat r\u00e9v\u00e8le que Karim Tabbou aurait \u00e9t\u00e9 victime d\u2019un accident lors de son transfert de la prison de Kol\u00e9a au tribunal. <em>\u00abC\u2019est un Karim Tabbou encore sous le choc de l\u2019accident qui fut appel\u00e9 \u00e0 la barre vers 11h30 pour entendre le prononc\u00e9 de son jugement. Le verdict est tomb\u00e9 tel un couperet\u00bb<\/em>, regrette-t-il.<\/span><\/p>\n<p class=\"p7\"><span class=\"s1\">Ma\u00eetre Bouchachi a indiqu\u00e9 que Karim Tabbou apparaissait avec des <em>\u00ab\u00e9gratignures au visage et qu\u2019il ressentait des douleurs\u00bb<\/em>, il avance \u00e9galement l\u2019hypoth\u00e8se d\u2019un accident, mais il pr\u00e9cise que personne n\u2019a parl\u00e9 avec le d\u00e9tenu pour savoir ce qu\u2019il s\u2019est r\u00e9ellement pass\u00e9. <em>\u00abDemain, on va lui rendre visite et conna\u00eetre avec exactitude ce qui est arriv\u00e9.\u00bb<\/em><\/span><\/p>\n<p class=\"p7\"><span class=\"s1\">Les nombreux manifestants venus apporter leur soutien \u00e0 Karim Tabbou \u00e9taient partag\u00e9s, lorsque le verdict fut prononc\u00e9, entre soulagement et indignation. <em>\u00abTabbou est coupable d\u2019un seul d\u00e9lit, celui de d\u00e9fendre une Alg\u00e9rie libre et d\u00e9mocratique, celui de d\u00e9fendre la dignit\u00e9 de ses<\/em> <em>concitoyens\u00bb<\/em>, crie une femme en brandissant le portrait du prisonnier.<\/span><\/p>\n<p class=\"p7\"><span class=\"s1\"><em>\u00abIl est condamn\u00e9 parce qu\u2019il refuse de courber l\u2019\u00e9chine, c\u2019est un homme courageux qui se bat aux c\u00f4t\u00e9s de son peuple, nous serons heureux de le revoir parmi nous \u00e0 partir du 26 mars prochain\u00bb<\/em>, ass\u00e8ne un autre manifestant.<\/span><\/p>\n<p class=\"p7\"><span class=\"s1\">Tr\u00e8s en col\u00e8re, Khaled Tazaghart, ami et compagnon de lutte de Karim Tabbou, estime que l\u2019emprisonnement de son camarade est <em>\u00abune grave injustice\u00bb<\/em>.<\/span><\/p>\n<p class=\"p7\"><span class=\"s1\">L\u2019ancien d\u00e9put\u00e9 de B\u00e9ja\u00efa, qui a quitt\u00e9 les bancs de l\u2019Assembl\u00e9e nationale au d\u00e9but de l\u2019insurrection citoyenne, n\u2019a pas pu contenir sa d\u00e9ception quand la juge a rendu son verdict.<\/span><\/p>\n<p class=\"p7\"><span class=\"s1\">Cependant, les nombreux citoyens venus en solidarit\u00e9 avec le d\u00e9tenu se disent soulag\u00e9s qu\u2019enfin Karim puisse retrouver ses enfants, son \u00e9pouse et ses parents. <em>\u00abIl va pouvoir prendre dans ses bras ses deux enfants \u00e0 qui on a inflig\u00e9 un drame\u00bb<\/em>, soupire un vieil homme venu de la banlieue. Ainsi, le tribunal de Sidi M\u2019hamed a v\u00e9cu, hier, une autre journ\u00e9e de col\u00e8re.<\/span><\/p>\n<p class=\"p7\"><span class=\"s1\">Une col\u00e8re citoyenne qui rythme ce lieu symbole de privation de libert\u00e9 pour beaucoup de militants politiques et autres manifestants de la r\u00e9volution d\u00e9mocratique qui dure depuis le 22 f\u00e9vrier. Situ\u00e9 entre la rue Abane Ramdane et celle de la Libert\u00e9, le tribunal d\u2019Alger est devenu un cauchemar pour ceux qui y sont d\u00e9f\u00e9r\u00e9s.<\/span><\/p>\n<p><span class=\"post-views-label\">Post Views:<\/span> <span class=\"post-views-count\">4\u00a0336<\/span><\/p>\n<p><br class=\"c2\"\/><br class=\"c6\"\/><\/p>\n<p>Auteur: Anis Khecheba<br \/>\n<a href=\"https:\/\/www.elwatan.com\/edition\/actualite\/karim-tabbou-condamne-a-une-annee-de-prison-colere-et-indignation-12-03-2020\">Cliquez ici pour lire l&rsquo;article depuis sa source.<\/a><\/p>\n","protected":false},"excerpt":{"rendered":"<p>La juge du tribunal de Sidi M\u2019hamed a rendu son verdict hier dans le proc\u00e8s de Karim Tabbou et le condamne \u00e0 une ann\u00e9e de prison, dont six mois ferme. Il quittera la prison le 26 mars prochain. Une semaine apr\u00e8s son retentissant proc\u00e8s, le tribunal de Sidi M\u2019hamed (Alger) a condamn\u00e9 le leader de [&hellip;]<\/p>\n","protected":false},"author":1743,"featured_media":78882,"comment_status":"closed","ping_status":"closed","sticky":false,"template":"","format":"standard","meta":{"fifu_image_url":"","fifu_image_alt":"","footnotes":""},"categories":[73,53],"tags":[],"class_list":["post-78881","post","type-post","status-publish","format-standard","has-post-thumbnail","hentry","category-actualite","category-algerie"],"_links":{"self":[{"href":"https:\/\/linitiative.ca\/International\/wp-json\/wp\/v2\/posts\/78881","targetHints":{"allow":["GET"]}}],"collection":[{"href":"https:\/\/linitiative.ca\/International\/wp-json\/wp\/v2\/posts"}],"about":[{"href":"https:\/\/linitiative.ca\/International\/wp-json\/wp\/v2\/types\/post"}],"author":[{"embeddable":true,"href":"https:\/\/linitiative.ca\/International\/wp-json\/wp\/v2\/users\/1743"}],"replies":[{"embeddable":true,"href":"https:\/\/linitiative.ca\/International\/wp-json\/wp\/v2\/comments?post=78881"}],"version-history":[{"count":0,"href":"https:\/\/linitiative.ca\/International\/wp-json\/wp\/v2\/posts\/78881\/revisions"}],"wp:featuredmedia":[{"embeddable":true,"href":"https:\/\/linitiative.ca\/International\/wp-json\/"}],"wp:attachment":[{"href":"https:\/\/linitiative.ca\/International\/wp-json\/wp\/v2\/media?parent=78881"}],"wp:term":[{"taxonomy":"category","embeddable":true,"href":"https:\/\/linitiative.ca\/International\/wp-json\/wp\/v2\/categories?post=78881"},{"taxonomy":"post_tag","embeddable":true,"href":"https:\/\/linitiative.ca\/International\/wp-json\/wp\/v2\/tags?post=78881"}],"curies":[{"name":"wp","href":"https:\/\/api.w.org\/{rel}","templated":true}]}}